{"id":1516,"date":"2009-02-12T01:11:17","date_gmt":"2009-02-12T01:11:17","guid":{"rendered":"http:\/\/www.ticmais.pt\/?p=1516"},"modified":"2009-02-12T01:11:17","modified_gmt":"2009-02-12T01:11:17","slug":"22-dos-alunos-do-basico-nao-usam-internet-nas-aulas","status":"publish","type":"post","link":"https:\/\/www.ticmais.pt\/?p=1516","title":{"rendered":"22% dos alunos do b\u00e1sico n\u00e3o usam Internet nas aulas"},"content":{"rendered":"<table style=\"width: 100%;\" border=\"0\" cellspacing=\"5\" cellpadding=\"5\" align=\"justify\">\n<tbody>\n<tr>\n<td width=\"160\" valign=\"top\">\n<p align=\"justify\"><img decoding=\"async\" src=\"\/\/www.ticmais.pt\/ticmais\/imagens\/22%20por%20cento%20dos%20alunos%20do%20basico%20nao%20usam%20Internet%20nas%20aulas.jpg\" alt=\"\" \/><\/p>\n<\/td>\n<td valign=\"top\">\n<p align=\"justify\">O estudo &#8220;Crian\u00e7as e Internet: Usos e Representa\u00e7\u00f5es, a Fam\u00edlia e a Escola&#8221; conclui que a net nas salas de aula ainda n\u00e3o \u00e9 uma realidade. <a href=\"http:\/\/clix.expresso.pt\/22_dos_alunos_do_basico_nao_usam_internet_nas_aulas=f497141\" target=\"_blank\">(Mais&#8230;)<\/a><\/p>\n<\/td>\n<\/tr>\n<\/tbody>\n<\/table>\n<p><br class=\"spacer_\" \/><\/p>\n","protected":false},"excerpt":{"rendered":"<p>O estudo &#8220;Crian\u00e7as e Internet: Usos e Representa\u00e7\u00f5es, a Fam\u00edlia e a Escola&#8221; conclui que a net nas salas de aula ainda n\u00e3o \u00e9 uma realidade. (Mais&#8230;)<\/p>\n","protected":false},"author":1,"featured_media":0,"comment_status":"closed","ping_status":"closed","sticky":false,"template":"","format":"standard","meta":{"footnotes":""},"categories":[15],"tags":[20,8,34,132],"class_list":["post-1516","post","type-post","status-publish","format-standard","hentry","category-tic-mais","tag-ensino","tag-inclusao-digital","tag-internet","tag-portugal"],"_links":{"self":[{"href":"https:\/\/www.ticmais.pt\/index.php?rest_route=\/wp\/v2\/posts\/1516","targetHints":{"allow":["GET"]}}],"collection":[{"href":"https:\/\/www.ticmais.pt\/index.php?rest_route=\/wp\/v2\/posts"}],"about":[{"href":"https:\/\/www.ticmais.pt\/index.php?rest_route=\/wp\/v2\/types\/post"}],"author":[{"embeddable":true,"href":"https:\/\/www.ticmais.pt\/index.php?rest_route=\/wp\/v2\/users\/1"}],"replies":[{"embeddable":true,"href":"https:\/\/www.ticmais.pt\/index.php?rest_route=%2Fwp%2Fv2%2Fcomments&post=1516"}],"version-history":[{"count":0,"href":"https:\/\/www.ticmais.pt\/index.php?rest_route=\/wp\/v2\/posts\/1516\/revisions"}],"wp:attachment":[{"href":"https:\/\/www.ticmais.pt\/index.php?rest_route=%2Fwp%2Fv2%2Fmedia&parent=1516"}],"wp:term":[{"taxonomy":"category","embeddable":true,"href":"https:\/\/www.ticmais.pt\/index.php?rest_route=%2Fwp%2Fv2%2Fcategories&post=1516"},{"taxonomy":"post_tag","embeddable":true,"href":"https:\/\/www.ticmais.pt\/index.php?rest_route=%2Fwp%2Fv2%2Ftags&post=1516"}],"curies":[{"name":"wp","href":"https:\/\/api.w.org\/{rel}","templated":true}]}}