{"id":1547,"date":"2009-03-02T00:07:01","date_gmt":"2009-03-02T00:07:01","guid":{"rendered":"http:\/\/www.ticmais.pt\/?p=1547"},"modified":"2009-03-02T00:07:01","modified_gmt":"2009-03-02T00:07:01","slug":"repe-cria-e-gere-e-portefolios-escolares","status":"publish","type":"post","link":"https:\/\/www.ticmais.pt\/?p=1547","title":{"rendered":"RePe cria e gere e-Portef\u00f3lios escolares"},"content":{"rendered":"<table style=\"width: 100%;\" border=\"0\" cellspacing=\"5\" cellpadding=\"5\" align=\"justify\">\n<tbody>\n<tr>\n<td width=\"160\" valign=\"top\">\n<p align=\"justify\"><img decoding=\"async\" src=\"\/\/www.ticmais.pt\/ticmais\/imagens\/RePe%20cria%20e%20gere%20e%20Portefolios%20escolares%201.jpg\" alt=\"\" \/><\/p>\n<\/td>\n<td valign=\"top\">\n<p align=\"justify\">No \u00e2mbito do programa Ligar Portugal, o <a href=\"http:\/\/cctic.ese.ipsantarem.pt\/cctic\/\" target=\"_blank\">Centro de Compet\u00eancias TIC (CCTIC) da Escola Superior de Educa\u00e7\u00e3o de Santar\u00e9m (ESES)<\/a>, em parceria com a <a href=\"http:\/\/www.crie.min-edu.pt\/\" target=\"_blank\">ERTE<\/a> (Equipa de Recursos e Tecnologias Educativas\/Plano Tecnol\u00f3gico de Educa\u00e7\u00e3o) da <a href=\"http:\/\/sitio.dgidc.min-edu.pt\/Paginas\/default.aspx\" target=\"_blank\">DGDIC<\/a> (Direc\u00e7\u00e3o-Geral de Inova\u00e7\u00e3o e Desenvolvimento Curricular), desenvolveu o <a href=\"http:\/\/eportefolio.ese.ipsantarem.pt\/repe\/\" target=\"_blank\">RePe<\/a>, um reposit\u00f3rio de <a href=\"http:\/\/eportefolio.ese.ipsantarem.pt\/\" target=\"_blank\">e-Portef\u00f3lios<\/a>, que possibilita a constru\u00e7\u00e3o e gest\u00e3o dos dossi\u00eas individuais electr\u00f3nicos dos alunos dos 2.\u00ba e 3.\u00ba ciclos do Ensino B\u00e1sico. <a href=\"http:\/\/www.i-gov.org\/index.php?article=9570&amp;visual=2\" target=\"_blank\">(Mais&#8230;)<\/a><\/p>\n<\/td>\n<\/tr>\n<\/tbody>\n<\/table>\n<p><br class=\"spacer_\" \/><\/p>\n","protected":false},"excerpt":{"rendered":"<p>No \u00e2mbito do programa Ligar Portugal, o Centro de Compet\u00eancias TIC (CCTIC) da Escola Superior de Educa\u00e7\u00e3o de Santar\u00e9m (ESES), em parceria com a ERTE (Equipa de Recursos e Tecnologias Educativas\/Plano Tecnol\u00f3gico de Educa\u00e7\u00e3o) da DGDIC (Direc\u00e7\u00e3o-Geral de Inova\u00e7\u00e3o e Desenvolvimento Curricular), desenvolveu o RePe, um reposit\u00f3rio de e-Portef\u00f3lios, que possibilita a constru\u00e7\u00e3o e gest\u00e3o [&hellip;]<\/p>\n","protected":false},"author":1,"featured_media":0,"comment_status":"closed","ping_status":"closed","sticky":false,"template":"","format":"standard","meta":{"footnotes":""},"categories":[15],"tags":[20,19,102],"class_list":["post-1547","post","type-post","status-publish","format-standard","hentry","category-tic-mais","tag-ensino","tag-sociedade-do-conhecinentoda-informacao","tag-software"],"_links":{"self":[{"href":"https:\/\/www.ticmais.pt\/index.php?rest_route=\/wp\/v2\/posts\/1547","targetHints":{"allow":["GET"]}}],"collection":[{"href":"https:\/\/www.ticmais.pt\/index.php?rest_route=\/wp\/v2\/posts"}],"about":[{"href":"https:\/\/www.ticmais.pt\/index.php?rest_route=\/wp\/v2\/types\/post"}],"author":[{"embeddable":true,"href":"https:\/\/www.ticmais.pt\/index.php?rest_route=\/wp\/v2\/users\/1"}],"replies":[{"embeddable":true,"href":"https:\/\/www.ticmais.pt\/index.php?rest_route=%2Fwp%2Fv2%2Fcomments&post=1547"}],"version-history":[{"count":0,"href":"https:\/\/www.ticmais.pt\/index.php?rest_route=\/wp\/v2\/posts\/1547\/revisions"}],"wp:attachment":[{"href":"https:\/\/www.ticmais.pt\/index.php?rest_route=%2Fwp%2Fv2%2Fmedia&parent=1547"}],"wp:term":[{"taxonomy":"category","embeddable":true,"href":"https:\/\/www.ticmais.pt\/index.php?rest_route=%2Fwp%2Fv2%2Fcategories&post=1547"},{"taxonomy":"post_tag","embeddable":true,"href":"https:\/\/www.ticmais.pt\/index.php?rest_route=%2Fwp%2Fv2%2Ftags&post=1547"}],"curies":[{"name":"wp","href":"https:\/\/api.w.org\/{rel}","templated":true}]}}