{"id":1572,"date":"2009-03-06T02:00:21","date_gmt":"2009-03-06T02:00:21","guid":{"rendered":"http:\/\/www.ticmais.pt\/?p=1572"},"modified":"2009-03-06T02:00:21","modified_gmt":"2009-03-06T02:00:21","slug":"professores-queixam-se-da-falta-de-formacao-especifica-para-usar-o-magalhaes","status":"publish","type":"post","link":"https:\/\/www.ticmais.pt\/?p=1572","title":{"rendered":"Professores queixam-se da falta de forma\u00e7\u00e3o espec\u00edfica para usar o Magalh\u00e3es"},"content":{"rendered":"<table style=\"width: 100%;\" border=\"0\" cellspacing=\"5\" cellpadding=\"5\" align=\"justify\">\n<tbody>\n<tr>\n<td width=\"160\" valign=\"top\">\n<p align=\"justify\"><img decoding=\"async\" src=\"\/\/www.ticmais.pt\/ticmais\/imagens\/Professores%20queixam-se%20da%20falta%20de%20formacao%20especifica%20para%20usar%20o%20Magalhaes.jpg\" alt=\"\" \/><\/p>\n<\/td>\n<td valign=\"top\">\n<p align=\"justify\">Numa altura em que o Magalh\u00e3es j\u00e1 chegou \u00e0s m\u00e3os de largos milhares de alunos do primeiro ciclo do ensino b\u00e1sico, a maioria dos professores n\u00e3o teve qualquer forma\u00e7\u00e3o espec\u00edfica para usar aquele computador na sala de aula.\u00a0<a href=\"http:\/\/tsf.sapo.pt\/PaginaInicial\/Portugal\/Interior.aspx?content_id=1161370\" target=\"_blank\">(Mais&#8230;)<\/a><\/p>\n<\/td>\n<\/tr>\n<\/tbody>\n<\/table>\n<p><br class=\"spacer_\" \/><\/p>\n","protected":false},"excerpt":{"rendered":"<p>Numa altura em que o Magalh\u00e3es j\u00e1 chegou \u00e0s m\u00e3os de largos milhares de alunos do primeiro ciclo do ensino b\u00e1sico, a maioria dos professores n\u00e3o teve qualquer forma\u00e7\u00e3o espec\u00edfica para usar aquele computador na sala de aula.\u00a0(Mais&#8230;)<\/p>\n","protected":false},"author":1,"featured_media":0,"comment_status":"closed","ping_status":"closed","sticky":false,"template":"","format":"standard","meta":{"footnotes":""},"categories":[15],"tags":[20,21,64,19],"class_list":["post-1572","post","type-post","status-publish","format-standard","hentry","category-tic-mais","tag-ensino","tag-formacao","tag-magalhaes","tag-sociedade-do-conhecinentoda-informacao"],"_links":{"self":[{"href":"https:\/\/www.ticmais.pt\/index.php?rest_route=\/wp\/v2\/posts\/1572","targetHints":{"allow":["GET"]}}],"collection":[{"href":"https:\/\/www.ticmais.pt\/index.php?rest_route=\/wp\/v2\/posts"}],"about":[{"href":"https:\/\/www.ticmais.pt\/index.php?rest_route=\/wp\/v2\/types\/post"}],"author":[{"embeddable":true,"href":"https:\/\/www.ticmais.pt\/index.php?rest_route=\/wp\/v2\/users\/1"}],"replies":[{"embeddable":true,"href":"https:\/\/www.ticmais.pt\/index.php?rest_route=%2Fwp%2Fv2%2Fcomments&post=1572"}],"version-history":[{"count":0,"href":"https:\/\/www.ticmais.pt\/index.php?rest_route=\/wp\/v2\/posts\/1572\/revisions"}],"wp:attachment":[{"href":"https:\/\/www.ticmais.pt\/index.php?rest_route=%2Fwp%2Fv2%2Fmedia&parent=1572"}],"wp:term":[{"taxonomy":"category","embeddable":true,"href":"https:\/\/www.ticmais.pt\/index.php?rest_route=%2Fwp%2Fv2%2Fcategories&post=1572"},{"taxonomy":"post_tag","embeddable":true,"href":"https:\/\/www.ticmais.pt\/index.php?rest_route=%2Fwp%2Fv2%2Ftags&post=1572"}],"curies":[{"name":"wp","href":"https:\/\/api.w.org\/{rel}","templated":true}]}}