{"id":1574,"date":"2009-03-07T15:35:15","date_gmt":"2009-03-07T15:35:15","guid":{"rendered":"http:\/\/www.ticmais.pt\/?p=1574"},"modified":"2009-03-07T15:35:15","modified_gmt":"2009-03-07T15:35:15","slug":"em-mafra-o-fim-de-semana-e-sempre-de-3-dias-ver-video","status":"publish","type":"post","link":"https:\/\/www.ticmais.pt\/?p=1574","title":{"rendered":"Em Mafra o fim-de-semana \u00e9 sempre de 3 dias (ver v\u00eddeo)"},"content":{"rendered":"<table style=\"width: 100%;\" border=\"0\" cellspacing=\"5\" cellpadding=\"5\" align=\"justify\">\n<tbody>\n<tr>\n<td width=\"160\" valign=\"top\">\n<p align=\"justify\"><img decoding=\"async\" src=\"\/\/www.ticmais.pt\/ticmais\/imagens\/Em%20Mafra%20o%20fim%20de%20semana%20e%20sempre%20de%203%20dias%20(ver%20video)1.jpg\" alt=\"\" \/><\/p>\n<\/td>\n<td valign=\"top\">\n<p align=\"justify\"><strong>Medida est\u00e1 em vigor desde dia 1 de Janeiro<br \/>\n<\/strong>Est\u00e1 em vigor na C\u00e2mara Municipal de Mafra, desde o dia 1 de Janeiro deste ano, uma ideia inovadora: os funcion\u00e1rios trabalham mais horas durante a semana, mas em compensa\u00e7\u00e3o t\u00eam a sexta-feira livre. <a href=\"http:\/\/www.agenciafinanceira.iol.pt\/noticia.php?id=1047561&amp;div_id=1730\" target=\"_blank\">(Mais&#8230;)<\/a><\/p>\n<\/td>\n<\/tr>\n<\/tbody>\n<\/table>\n<p><br class=\"spacer_\" \/><\/p>\n","protected":false},"excerpt":{"rendered":"<p>Medida est\u00e1 em vigor desde dia 1 de Janeiro Est\u00e1 em vigor na C\u00e2mara Municipal de Mafra, desde o dia 1 de Janeiro deste ano, uma ideia inovadora: os funcion\u00e1rios trabalham mais horas durante a semana, mas em compensa\u00e7\u00e3o t\u00eam a sexta-feira livre. (Mais&#8230;)<\/p>\n","protected":false},"author":1,"featured_media":0,"comment_status":"closed","ping_status":"closed","sticky":false,"template":"","format":"standard","meta":{"footnotes":""},"categories":[15],"tags":[252,13,85],"class_list":["post-1574","post","type-post","status-publish","format-standard","hentry","category-tic-mais","tag-economia","tag-poder-local","tag-sociedade"],"_links":{"self":[{"href":"https:\/\/www.ticmais.pt\/index.php?rest_route=\/wp\/v2\/posts\/1574","targetHints":{"allow":["GET"]}}],"collection":[{"href":"https:\/\/www.ticmais.pt\/index.php?rest_route=\/wp\/v2\/posts"}],"about":[{"href":"https:\/\/www.ticmais.pt\/index.php?rest_route=\/wp\/v2\/types\/post"}],"author":[{"embeddable":true,"href":"https:\/\/www.ticmais.pt\/index.php?rest_route=\/wp\/v2\/users\/1"}],"replies":[{"embeddable":true,"href":"https:\/\/www.ticmais.pt\/index.php?rest_route=%2Fwp%2Fv2%2Fcomments&post=1574"}],"version-history":[{"count":0,"href":"https:\/\/www.ticmais.pt\/index.php?rest_route=\/wp\/v2\/posts\/1574\/revisions"}],"wp:attachment":[{"href":"https:\/\/www.ticmais.pt\/index.php?rest_route=%2Fwp%2Fv2%2Fmedia&parent=1574"}],"wp:term":[{"taxonomy":"category","embeddable":true,"href":"https:\/\/www.ticmais.pt\/index.php?rest_route=%2Fwp%2Fv2%2Fcategories&post=1574"},{"taxonomy":"post_tag","embeddable":true,"href":"https:\/\/www.ticmais.pt\/index.php?rest_route=%2Fwp%2Fv2%2Ftags&post=1574"}],"curies":[{"name":"wp","href":"https:\/\/api.w.org\/{rel}","templated":true}]}}