{"id":1615,"date":"2009-03-17T17:16:07","date_gmt":"2009-03-17T17:16:07","guid":{"rendered":"http:\/\/www.ticmais.pt\/?p=1615"},"modified":"2009-03-17T17:16:07","modified_gmt":"2009-03-17T17:16:07","slug":"google-disponibiliza-noticias-e-fotos-das-agencias-europeias","status":"publish","type":"post","link":"https:\/\/www.ticmais.pt\/?p=1615","title":{"rendered":"Google disponibiliza not\u00edcias e fotos das ag\u00eancias europeias"},"content":{"rendered":"<table style=\"width: 100%;\" border=\"0\" cellspacing=\"5\" cellpadding=\"5\" align=\"justify\">\n<tbody>\n<tr>\n<td width=\"160\" valign=\"top\">\n<p align=\"justify\"><img decoding=\"async\" src=\"\/\/www.ticmais.pt\/ticmais\/imagens\/Google%20disponibiliza%20noticias%20e%20fotos%20das%20agencias%20europeias.jpg\" alt=\"\" \/><\/p>\n<\/td>\n<td valign=\"top\">\n<p align=\"justify\"><strong>Utilizadores ter\u00e3o tamb\u00e9m oportunidade de ver c\u00f3pias dos mesmos artigos<\/strong><br \/>\nNot\u00edcias e fotografias das ag\u00eancias de informa\u00e7\u00e3o que fazem parte da Ag\u00eancia Europeia de Fotografia (EPA)-entre as quais a Lusa-v\u00e3o passar a ser disponibilizadas no motor de busca Google News, anunciaram esta ter\u00e7a-feira as duas entidades, refere a Lusa. <a href=\"http:\/\/www.agenciafinanceira.iol.pt\/noticia.php?id=1050167&amp;div_id=2974\" target=\"_blank\">Mais&#8230;<\/a><\/p>\n<\/td>\n<\/tr>\n<\/tbody>\n<\/table>\n<p><br class=\"spacer_\" \/><\/p>\n","protected":false},"excerpt":{"rendered":"<p>Utilizadores ter\u00e3o tamb\u00e9m oportunidade de ver c\u00f3pias dos mesmos artigos Not\u00edcias e fotografias das ag\u00eancias de informa\u00e7\u00e3o que fazem parte da Ag\u00eancia Europeia de Fotografia (EPA)-entre as quais a Lusa-v\u00e3o passar a ser disponibilizadas no motor de busca Google News, anunciaram esta ter\u00e7a-feira as duas entidades, refere a Lusa. Mais&#8230;<\/p>\n","protected":false},"author":1,"featured_media":0,"comment_status":"closed","ping_status":"closed","sticky":false,"template":"","format":"standard","meta":{"footnotes":""},"categories":[15],"tags":[277],"class_list":["post-1615","post","type-post","status-publish","format-standard","hentry","category-tic-mais","tag-media-e-comunicacoes"],"_links":{"self":[{"href":"https:\/\/www.ticmais.pt\/index.php?rest_route=\/wp\/v2\/posts\/1615","targetHints":{"allow":["GET"]}}],"collection":[{"href":"https:\/\/www.ticmais.pt\/index.php?rest_route=\/wp\/v2\/posts"}],"about":[{"href":"https:\/\/www.ticmais.pt\/index.php?rest_route=\/wp\/v2\/types\/post"}],"author":[{"embeddable":true,"href":"https:\/\/www.ticmais.pt\/index.php?rest_route=\/wp\/v2\/users\/1"}],"replies":[{"embeddable":true,"href":"https:\/\/www.ticmais.pt\/index.php?rest_route=%2Fwp%2Fv2%2Fcomments&post=1615"}],"version-history":[{"count":0,"href":"https:\/\/www.ticmais.pt\/index.php?rest_route=\/wp\/v2\/posts\/1615\/revisions"}],"wp:attachment":[{"href":"https:\/\/www.ticmais.pt\/index.php?rest_route=%2Fwp%2Fv2%2Fmedia&parent=1615"}],"wp:term":[{"taxonomy":"category","embeddable":true,"href":"https:\/\/www.ticmais.pt\/index.php?rest_route=%2Fwp%2Fv2%2Fcategories&post=1615"},{"taxonomy":"post_tag","embeddable":true,"href":"https:\/\/www.ticmais.pt\/index.php?rest_route=%2Fwp%2Fv2%2Ftags&post=1615"}],"curies":[{"name":"wp","href":"https:\/\/api.w.org\/{rel}","templated":true}]}}