{"id":1620,"date":"2009-03-18T15:55:51","date_gmt":"2009-03-18T15:55:51","guid":{"rendered":"http:\/\/www.ticmais.pt\/?p=1620"},"modified":"2009-03-18T15:55:51","modified_gmt":"2009-03-18T15:55:51","slug":"terra-transmontana-tera-rede-comunitaria","status":"publish","type":"post","link":"https:\/\/www.ticmais.pt\/?p=1620","title":{"rendered":"Rede de fibra \u00f3ptica de Tr\u00e1s-os-Montes conclu\u00edda em Mar\u00e7o"},"content":{"rendered":"<table style=\"width: 100%;\" border=\"0\" cellspacing=\"5\" cellpadding=\"5\" align=\"justify\">\n<tbody>\n<tr>\n<td width=\"160\" valign=\"top\">\n<p align=\"justify\"><img decoding=\"async\" src=\"\/\/www.ticmais.pt\/ticmais\/imagens\/Terra%20Transmontana%20tera%20rede%20comunitaria.PNG\" alt=\"\" \/><\/p>\n<\/td>\n<td valign=\"top\">\n<p align=\"justify\">A rede comunit\u00e1ria dos cinco concelhos da Terra Quente Transmontana vai estar conclu\u00edda at\u00e9 ao final de Mar\u00e7o e\u00a0dever\u00e1 beneficiar 90 mil habitantes de Mirandela, Macedo de Cavaleiros, Alf\u00e2ndega da F\u00e9, Vila Flor e Carrazeda de Ansi\u00e3es. <a href=\"http:\/\/exameinformatica.clix.pt\/noticias\/mercados\/1001990.html\" target=\"_blank\">Mais&#8230;<\/a><\/p>\n<p align=\"justify\"><strong>Nota ticMAIS<\/strong>: <span style=\"color: #800000;\">\u00c9 impressionante a diferen\u00e7a de dinamismo\u00a0de algumas\u00a0Associa\u00e7\u00f5es de Munic\u00edpios!<\/span><\/p>\n<\/td>\n<\/tr>\n<\/tbody>\n<\/table>\n<p><br class=\"spacer_\" \/><\/p>\n","protected":false},"excerpt":{"rendered":"<p>A rede comunit\u00e1ria dos cinco concelhos da Terra Quente Transmontana vai estar conclu\u00edda at\u00e9 ao final de Mar\u00e7o e\u00a0dever\u00e1 beneficiar 90 mil habitantes de Mirandela, Macedo de Cavaleiros, Alf\u00e2ndega da F\u00e9, Vila Flor e Carrazeda de Ansi\u00e3es. Mais&#8230; Nota ticMAIS: \u00c9 impressionante a diferen\u00e7a de dinamismo\u00a0de algumas\u00a0Associa\u00e7\u00f5es de Munic\u00edpios!<\/p>\n","protected":false},"author":1,"featured_media":0,"comment_status":"closed","ping_status":"closed","sticky":false,"template":"","format":"standard","meta":{"footnotes":""},"categories":[15],"tags":[7,86,35],"class_list":["post-1620","post","type-post","status-publish","format-standard","hentry","category-tic-mais","tag-egov","tag-redes","tag-telecomunicacoes"],"_links":{"self":[{"href":"https:\/\/www.ticmais.pt\/index.php?rest_route=\/wp\/v2\/posts\/1620","targetHints":{"allow":["GET"]}}],"collection":[{"href":"https:\/\/www.ticmais.pt\/index.php?rest_route=\/wp\/v2\/posts"}],"about":[{"href":"https:\/\/www.ticmais.pt\/index.php?rest_route=\/wp\/v2\/types\/post"}],"author":[{"embeddable":true,"href":"https:\/\/www.ticmais.pt\/index.php?rest_route=\/wp\/v2\/users\/1"}],"replies":[{"embeddable":true,"href":"https:\/\/www.ticmais.pt\/index.php?rest_route=%2Fwp%2Fv2%2Fcomments&post=1620"}],"version-history":[{"count":0,"href":"https:\/\/www.ticmais.pt\/index.php?rest_route=\/wp\/v2\/posts\/1620\/revisions"}],"wp:attachment":[{"href":"https:\/\/www.ticmais.pt\/index.php?rest_route=%2Fwp%2Fv2%2Fmedia&parent=1620"}],"wp:term":[{"taxonomy":"category","embeddable":true,"href":"https:\/\/www.ticmais.pt\/index.php?rest_route=%2Fwp%2Fv2%2Fcategories&post=1620"},{"taxonomy":"post_tag","embeddable":true,"href":"https:\/\/www.ticmais.pt\/index.php?rest_route=%2Fwp%2Fv2%2Ftags&post=1620"}],"curies":[{"name":"wp","href":"https:\/\/api.w.org\/{rel}","templated":true}]}}