{"id":1640,"date":"2009-03-23T00:05:11","date_gmt":"2009-03-23T00:05:11","guid":{"rendered":"http:\/\/www.ticmais.pt\/?p=1640"},"modified":"2009-03-23T00:05:11","modified_gmt":"2009-03-23T00:05:11","slug":"campus-de-justica","status":"publish","type":"post","link":"https:\/\/www.ticmais.pt\/?p=1640","title":{"rendered":"Campus de Justi\u00e7a"},"content":{"rendered":"<table style=\"width: 100%;\" border=\"0\" cellspacing=\"5\" cellpadding=\"5\" align=\"justify\">\n<tbody>\n<tr>\n<td width=\"160\" valign=\"top\">\n<p align=\"justify\"><img decoding=\"async\" src=\"\/\/www.ticmais.pt\/ticmais\/imagens\/Campus%20de%20Justica%201.jpg\" alt=\"\" \/><\/p>\n<\/td>\n<td valign=\"top\">\n<p align=\"justify\">A funcionar a 100% a partir de Junho, o Campus de Justi\u00e7a de Lisboa vai concentrar no Office Park, no Parque das Na\u00e7\u00f5es, 21 tribunais e outros servi\u00e7os de justi\u00e7a. Os 11 edif\u00edcios ocupam uma \u00e1rea de 36.200 m2 onde trabalham 2400 magistrados e funcion\u00e1rios de justi\u00e7a. <a href=\"http:\/\/www.ticmais.pt\/ticmais\/imagens\/Campus%20de%20Justica%20.jpg\" target=\"_self\">Ver imagem<\/a><\/p>\n<\/td>\n<\/tr>\n<\/tbody>\n<\/table>\n<p><br class=\"spacer_\" \/><\/p>\n<p><br class=\"spacer_\" \/><\/p>\n","protected":false},"excerpt":{"rendered":"<p>A funcionar a 100% a partir de Junho, o Campus de Justi\u00e7a de Lisboa vai concentrar no Office Park, no Parque das Na\u00e7\u00f5es, 21 tribunais e outros servi\u00e7os de justi\u00e7a. Os 11 edif\u00edcios ocupam uma \u00e1rea de 36.200 m2 onde trabalham 2400 magistrados e funcion\u00e1rios de justi\u00e7a. Ver imagem<\/p>\n","protected":false},"author":1,"featured_media":0,"comment_status":"closed","ping_status":"closed","sticky":false,"template":"","format":"standard","meta":{"footnotes":""},"categories":[15],"tags":[288],"class_list":["post-1640","post","type-post","status-publish","format-standard","hentry","category-tic-mais","tag-justica"],"_links":{"self":[{"href":"https:\/\/www.ticmais.pt\/index.php?rest_route=\/wp\/v2\/posts\/1640","targetHints":{"allow":["GET"]}}],"collection":[{"href":"https:\/\/www.ticmais.pt\/index.php?rest_route=\/wp\/v2\/posts"}],"about":[{"href":"https:\/\/www.ticmais.pt\/index.php?rest_route=\/wp\/v2\/types\/post"}],"author":[{"embeddable":true,"href":"https:\/\/www.ticmais.pt\/index.php?rest_route=\/wp\/v2\/users\/1"}],"replies":[{"embeddable":true,"href":"https:\/\/www.ticmais.pt\/index.php?rest_route=%2Fwp%2Fv2%2Fcomments&post=1640"}],"version-history":[{"count":0,"href":"https:\/\/www.ticmais.pt\/index.php?rest_route=\/wp\/v2\/posts\/1640\/revisions"}],"wp:attachment":[{"href":"https:\/\/www.ticmais.pt\/index.php?rest_route=%2Fwp%2Fv2%2Fmedia&parent=1640"}],"wp:term":[{"taxonomy":"category","embeddable":true,"href":"https:\/\/www.ticmais.pt\/index.php?rest_route=%2Fwp%2Fv2%2Fcategories&post=1640"},{"taxonomy":"post_tag","embeddable":true,"href":"https:\/\/www.ticmais.pt\/index.php?rest_route=%2Fwp%2Fv2%2Ftags&post=1640"}],"curies":[{"name":"wp","href":"https:\/\/api.w.org\/{rel}","templated":true}]}}