{"id":1669,"date":"2009-03-31T00:56:26","date_gmt":"2009-03-31T00:56:26","guid":{"rendered":"http:\/\/www.ticmais.pt\/?p=1669"},"modified":"2009-03-31T00:56:26","modified_gmt":"2009-03-31T00:56:26","slug":"a-nova-imagem-da-estacao-espacial-internacional","status":"publish","type":"post","link":"https:\/\/www.ticmais.pt\/?p=1669","title":{"rendered":"A nova imagem da Esta\u00e7\u00e3o Espacial Internacional"},"content":{"rendered":"<table style=\"width: 100%;\" border=\"0\" cellspacing=\"5\" cellpadding=\"5\" align=\"justify\">\n<tbody>\n<tr>\n<td width=\"160\" valign=\"top\">\n<p align=\"justify\"><img decoding=\"async\" src=\"\/\/www.ticmais.pt\/ticmais\/imagens\/A%20nova%20imagem%20da%20Estacao%20Espacial%20Internacional.jpg\" alt=\"\" \/><\/p>\n<\/td>\n<td valign=\"top\">\n<p align=\"justify\">Eis a primeira fotografia da Esta\u00e7\u00e3o Espacial Internacional (ISS), divulgada no portal\u00a0Inova\u00e7\u00e3o Tecnol\u00f3gica,\u00a0ap\u00f3s a conclus\u00e3o da miss\u00e3o STS-119, da nave espacial Discovery, e depois da instala\u00e7\u00e3o do seu \u00faltimo elemento central e o quarto conjunto de pain\u00e9is solares.<a href=\"http:\/\/www.inovacaotecnologica.com.br\/noticias\/imagem.php?artigo=o-novo-visual-da-estacao-espacial-internacional&amp;id=010805090330\" target=\"_blank\"> Mais\u2026<\/a><\/p>\n<\/td>\n<\/tr>\n<\/tbody>\n<\/table>\n<p><br class=\"spacer_\" \/><\/p>\n","protected":false},"excerpt":{"rendered":"<p>Eis a primeira fotografia da Esta\u00e7\u00e3o Espacial Internacional (ISS), divulgada no portal\u00a0Inova\u00e7\u00e3o Tecnol\u00f3gica,\u00a0ap\u00f3s a conclus\u00e3o da miss\u00e3o STS-119, da nave espacial Discovery, e depois da instala\u00e7\u00e3o do seu \u00faltimo elemento central e o quarto conjunto de pain\u00e9is solares. Mais\u2026<\/p>\n","protected":false},"author":1,"featured_media":0,"comment_status":"closed","ping_status":"closed","sticky":false,"template":"","format":"standard","meta":{"footnotes":""},"categories":[15],"tags":[100,241],"class_list":["post-1669","post","type-post","status-publish","format-standard","hentry","category-tic-mais","tag-satelites","tag-sondas-espaciais"],"_links":{"self":[{"href":"https:\/\/www.ticmais.pt\/index.php?rest_route=\/wp\/v2\/posts\/1669","targetHints":{"allow":["GET"]}}],"collection":[{"href":"https:\/\/www.ticmais.pt\/index.php?rest_route=\/wp\/v2\/posts"}],"about":[{"href":"https:\/\/www.ticmais.pt\/index.php?rest_route=\/wp\/v2\/types\/post"}],"author":[{"embeddable":true,"href":"https:\/\/www.ticmais.pt\/index.php?rest_route=\/wp\/v2\/users\/1"}],"replies":[{"embeddable":true,"href":"https:\/\/www.ticmais.pt\/index.php?rest_route=%2Fwp%2Fv2%2Fcomments&post=1669"}],"version-history":[{"count":0,"href":"https:\/\/www.ticmais.pt\/index.php?rest_route=\/wp\/v2\/posts\/1669\/revisions"}],"wp:attachment":[{"href":"https:\/\/www.ticmais.pt\/index.php?rest_route=%2Fwp%2Fv2%2Fmedia&parent=1669"}],"wp:term":[{"taxonomy":"category","embeddable":true,"href":"https:\/\/www.ticmais.pt\/index.php?rest_route=%2Fwp%2Fv2%2Fcategories&post=1669"},{"taxonomy":"post_tag","embeddable":true,"href":"https:\/\/www.ticmais.pt\/index.php?rest_route=%2Fwp%2Fv2%2Ftags&post=1669"}],"curies":[{"name":"wp","href":"https:\/\/api.w.org\/{rel}","templated":true}]}}