{"id":1681,"date":"2009-04-03T00:31:20","date_gmt":"2009-04-03T00:31:20","guid":{"rendered":"http:\/\/www.ticmais.pt\/?p=1681"},"modified":"2009-04-03T00:31:20","modified_gmt":"2009-04-03T00:31:20","slug":"portugal-e-de-todos","status":"publish","type":"post","link":"https:\/\/www.ticmais.pt\/?p=1681","title":{"rendered":"&#8220;Portugal \u00e9 de todos&#8221;"},"content":{"rendered":"<table style=\"width: 100%;\" border=\"0\" cellspacing=\"5\" cellpadding=\"5\" align=\"justify\">\n<tbody>\n<tr>\n<td width=\"160\" valign=\"top\">\n<p align=\"justify\"><img decoding=\"async\" src=\"\/\/www.ticmais.pt\/ticmais\/imagens\/Portugal%20e%20de%20todos%20.jpg\" alt=\"\" \/><\/p>\n<\/td>\n<td valign=\"top\">\n<p align=\"justify\"><strong>Deputados e catedr\u00e1ticos reflectem Abril<\/strong><\/p>\n<p align=\"justify\">A iniciativa &#8220;Portugal \u00e9 de Todos&#8221;, que Vis\u00e3o, Expresso, SIC e AEIOU lan\u00e7aram para assinalar os 35 anos do 25 de Abril, mobilizou personalidades da pol\u00edtica, da cultura e do mundo acad\u00e9mico. <a href=\"http:\/\/clix.expresso.pt\/deputados-e-catedraticos-reflectem-abril=f506707\" target=\"_blank\">Mais&#8230;<\/a><\/p>\n<\/td>\n<\/tr>\n<\/tbody>\n<\/table>\n<p><br class=\"spacer_\" \/><\/p>\n","protected":false},"excerpt":{"rendered":"<p>Deputados e catedr\u00e1ticos reflectem Abril A iniciativa &#8220;Portugal \u00e9 de Todos&#8221;, que Vis\u00e3o, Expresso, SIC e AEIOU lan\u00e7aram para assinalar os 35 anos do 25 de Abril, mobilizou personalidades da pol\u00edtica, da cultura e do mundo acad\u00e9mico. Mais&#8230;<\/p>\n","protected":false},"author":1,"featured_media":0,"comment_status":"closed","ping_status":"closed","sticky":false,"template":"","format":"standard","meta":{"footnotes":""},"categories":[15],"tags":[297,5,132],"class_list":["post-1681","post","type-post","status-publish","format-standard","hentry","category-tic-mais","tag-25-de-abril","tag-cidadania","tag-portugal"],"_links":{"self":[{"href":"https:\/\/www.ticmais.pt\/index.php?rest_route=\/wp\/v2\/posts\/1681","targetHints":{"allow":["GET"]}}],"collection":[{"href":"https:\/\/www.ticmais.pt\/index.php?rest_route=\/wp\/v2\/posts"}],"about":[{"href":"https:\/\/www.ticmais.pt\/index.php?rest_route=\/wp\/v2\/types\/post"}],"author":[{"embeddable":true,"href":"https:\/\/www.ticmais.pt\/index.php?rest_route=\/wp\/v2\/users\/1"}],"replies":[{"embeddable":true,"href":"https:\/\/www.ticmais.pt\/index.php?rest_route=%2Fwp%2Fv2%2Fcomments&post=1681"}],"version-history":[{"count":0,"href":"https:\/\/www.ticmais.pt\/index.php?rest_route=\/wp\/v2\/posts\/1681\/revisions"}],"wp:attachment":[{"href":"https:\/\/www.ticmais.pt\/index.php?rest_route=%2Fwp%2Fv2%2Fmedia&parent=1681"}],"wp:term":[{"taxonomy":"category","embeddable":true,"href":"https:\/\/www.ticmais.pt\/index.php?rest_route=%2Fwp%2Fv2%2Fcategories&post=1681"},{"taxonomy":"post_tag","embeddable":true,"href":"https:\/\/www.ticmais.pt\/index.php?rest_route=%2Fwp%2Fv2%2Ftags&post=1681"}],"curies":[{"name":"wp","href":"https:\/\/api.w.org\/{rel}","templated":true}]}}