{"id":1706,"date":"2009-04-24T23:01:30","date_gmt":"2009-04-24T23:01:30","guid":{"rendered":"http:\/\/www.ticmais.pt\/?p=1706"},"modified":"2009-04-24T23:01:30","modified_gmt":"2009-04-24T23:01:30","slug":"o-25-de-abril-vai-ser-recordado-minuto-a-minuto-no-twitter","status":"publish","type":"post","link":"https:\/\/www.ticmais.pt\/?p=1706","title":{"rendered":"O 25 de Abril recordado minuto a minuto no Twitter"},"content":{"rendered":"<table style=\"width: 100%;\" border=\"0\" cellspacing=\"5\" cellpadding=\"5\" align=\"justify\">\n<tbody>\n<tr>\n<td width=\"160\" valign=\"top\">\n<p align=\"justify\"><img decoding=\"async\" src=\"\/\/www.ticmais.pt\/ticmais\/imagens\/O%2025%20de%20Abril%20vai%20ser%20recordado%20minuto%20a%20minuto%20no%20Twitter.jpg\" alt=\"\" \/><\/p>\n<\/td>\n<td valign=\"top\">\n<p align=\"justify\">Segundo um dos mentores da iniciativa, Paulo Jacob, t\u00e9cnico de inform\u00e1tica radicado na Irlanda, os momentos marcantes da &#8220;Revolu\u00e7\u00e3o dos Cravos&#8221; v\u00e3o ser rememorados e recontados minuto a minuto na Internet dia 25 num microblog da rede social Twitter de modo a\u00a0perceber &#8220;se o Movimento das For\u00e7as Armadas tivesse uma conta no Twitter, como \u00e9 que eles relatavam o 25 de Abril?&#8221;<\/p>\n<\/td>\n<\/tr>\n<\/tbody>\n<\/table>\n<p><br class=\"spacer_\" \/><\/p>\n<p><!--more--><\/p>\n<table style=\"width: 100%;\" border=\"0\" cellspacing=\"5\" cellpadding=\"5\" align=\"justify\">\n<tbody>\n<tr>\n<td valign=\"top\">\n<p align=\"justify\">A ideia surgiu numa conversa com o seu amigo Jos\u00e9 Fel\u00edcio, professor do primeiro ciclo licenciado em Filosofia e tamb\u00e9m &#8220;apaixonado pelas novas tecnologias&#8221;.<\/p>\n<p align=\"justify\">Ambos naturais do Porto recorreram ao Centro de Documenta\u00e7\u00e3o 25 de Abril da Universidade de Coimbra para reconstituir, com o m\u00e1ximo rigor, a cronologia da revolu\u00e7\u00e3o.<\/p>\n<p align=\"justify\">Foi revelado que conseguiram &#8220;uma linha de tempo bastante interessante. Com um pequeno programa que estou a fazer, vamos tentar que o Twitter envie mensagens a determinadas horas, correspondentes aos principais momentos do 25 de Abril&#8221;.<\/p>\n<p align=\"justify\">Ao longo de 24 horas, ser\u00e3o publicados dezenas de twitts (mensagens do Twitter), assinalando a hora e minuto a que aconteceu cada situa\u00e7\u00e3o.V\u00e3o ser publicados tamb\u00e9m &#8216;links&#8217; [hiperliga\u00e7\u00f5es] para o arquivo de som da Universidade de Coimbra e para uma s\u00e9rie de documentos (leitura de comunicados e fotografias).<\/p>\n<p align=\"justify\">De acordo com o que est\u00e1 delineado, o primeiro &#8220;twitt&#8221; ser\u00e1 publicado em <a href=\"http:\/\/twitter.com\/25Abril1974\" target=\"_blank\">http:\/\/twitter.com\/25Abril1974<\/a> \u00e0s 22:00 de 24 de Abril, estando previsto que uma das mensagens iniciais ser\u00e1 uma liga\u00e7\u00e3o \u00e0 grava\u00e7\u00e3o do momento em que a Emissora Nacional transmitiu a can\u00e7\u00e3o de Paulo de Carvalho &#8220;E Depois do Adeus&#8221;, o sinal combinado pelos capit\u00e3es do MFA para iniciar a revolu\u00e7\u00e3o.<\/p>\n<p align=\"justify\">&#8220;Gr\u00e2ndola, Vila Morena&#8221; ser\u00e1 outras das can\u00e7\u00f5es a ouvir nesta reconstitui\u00e7\u00e3o.<\/p>\n<p align=\"justify\">Segundo Paulo Jacob, no dia 26 &#8220;a ideia \u00e9 colocar o c\u00f3digo fonte do programa e toda a cronologia&#8221; no blog <a href=\"http:\/\/250474.blogspot.com\/\" target=\"_blank\">http:\/\/250474.blogspot.com\/<\/a>, afirmou Paulo Jacob, acrescentando que &#8220;a m\u00e1quina estar\u00e1 ligada para repetir tudo em 2010&#8221;.<\/p>\n<p align=\"justify\">Para os dois mentores desta iniciativa, ambos na casa dos 40 anos, esta \u00e9 &#8220;uma forma diferente de comemorar o 25 de Abril&#8221;, contando como foi a revolu\u00e7\u00e3o com o recurso de uma ferramenta bastante utilizada pelas gera\u00e7\u00f5es que nasceram depois do derrube da ditadura.<\/p>\n<\/td>\n<\/tr>\n<tr>\n<td style=\"background-color: #e2dedf;\">\n<p>Outras not\u00edcias relacionadas:<br \/>\n<a href=\"http:\/\/www.tvi24.iol.pt\/sociedade\/25-de-abril-onde-estava-no-25-de-abril-1974-revolucao-portugal-tvi24\/1059425-4071.html\" target=\"_blank\">\u00abOnde \u00e9 que voc\u00ea estava no 25 de Abril?\u00bb <img decoding=\"async\" src=\"\/\/www.ticmais.pt\/ticmais\/imagens\/VVVV.PNG\" alt=\"\" \/><\/a><\/p>\n<p><a href=\"http:\/\/dn.sapo.pt\/especiais\/especial.aspx?especial=A%20revolu%E7%E3o%20de%20Abril&amp;seccao=Pol%EDtica\" target=\"_blank\">A revolu\u00e7\u00e3o de Abril<\/a><\/p>\n<\/td>\n<\/tr>\n<\/tbody>\n<\/table>\n","protected":false},"excerpt":{"rendered":"<p>Segundo um dos mentores da iniciativa, Paulo Jacob, t\u00e9cnico de inform\u00e1tica radicado na Irlanda, os momentos marcantes da &#8220;Revolu\u00e7\u00e3o dos Cravos&#8221; v\u00e3o ser rememorados e recontados minuto a minuto na Internet dia 25 num microblog da rede social Twitter de modo a\u00a0perceber &#8220;se o Movimento das For\u00e7as Armadas tivesse uma conta no Twitter, como \u00e9 [&hellip;]<\/p>\n","protected":false},"author":1,"featured_media":0,"comment_status":"closed","ping_status":"closed","sticky":false,"template":"","format":"standard","meta":{"footnotes":""},"categories":[15],"tags":[297,132,153,267],"class_list":["post-1706","post","type-post","status-publish","format-standard","hentry","category-tic-mais","tag-25-de-abril","tag-portugal","tag-redes-sociais","tag-twitter"],"_links":{"self":[{"href":"https:\/\/www.ticmais.pt\/index.php?rest_route=\/wp\/v2\/posts\/1706","targetHints":{"allow":["GET"]}}],"collection":[{"href":"https:\/\/www.ticmais.pt\/index.php?rest_route=\/wp\/v2\/posts"}],"about":[{"href":"https:\/\/www.ticmais.pt\/index.php?rest_route=\/wp\/v2\/types\/post"}],"author":[{"embeddable":true,"href":"https:\/\/www.ticmais.pt\/index.php?rest_route=\/wp\/v2\/users\/1"}],"replies":[{"embeddable":true,"href":"https:\/\/www.ticmais.pt\/index.php?rest_route=%2Fwp%2Fv2%2Fcomments&post=1706"}],"version-history":[{"count":0,"href":"https:\/\/www.ticmais.pt\/index.php?rest_route=\/wp\/v2\/posts\/1706\/revisions"}],"wp:attachment":[{"href":"https:\/\/www.ticmais.pt\/index.php?rest_route=%2Fwp%2Fv2%2Fmedia&parent=1706"}],"wp:term":[{"taxonomy":"category","embeddable":true,"href":"https:\/\/www.ticmais.pt\/index.php?rest_route=%2Fwp%2Fv2%2Fcategories&post=1706"},{"taxonomy":"post_tag","embeddable":true,"href":"https:\/\/www.ticmais.pt\/index.php?rest_route=%2Fwp%2Fv2%2Ftags&post=1706"}],"curies":[{"name":"wp","href":"https:\/\/api.w.org\/{rel}","templated":true}]}}