{"id":1709,"date":"2009-04-18T01:13:21","date_gmt":"2009-04-18T01:13:21","guid":{"rendered":"http:\/\/www.ticmais.pt\/?p=1709"},"modified":"2009-04-18T01:13:21","modified_gmt":"2009-04-18T01:13:21","slug":"as-potencialidades-das-redes-de-fibra-optica","status":"publish","type":"post","link":"https:\/\/www.ticmais.pt\/?p=1709","title":{"rendered":"As potencialidades das redes de fibra \u00f3ptica"},"content":{"rendered":"<table style=\"width: 100%;\" border=\"0\" cellspacing=\"5\" cellpadding=\"5\" align=\"justify\">\n<tbody>\n<tr>\n<td width=\"160\" valign=\"top\">\n<p align=\"justify\"><img decoding=\"async\" src=\"\/\/www.ticmais.pt\/ticmais\/imagens\/As%20potencialidades%20das%20redes%20de%20fibra%20optica.jpg\" alt=\"\" \/><\/p>\n<\/td>\n<td valign=\"top\">\n<p align=\"justify\">No momento em que o nosso pa\u00eds se prepara para a invas\u00e3o das redes de fibra \u00f3ptica, a Exame Inform\u00e1tica visitou um laborat\u00f3rio da Ericsson e revela-nos todos os segredos destas redes de nova gera\u00e7\u00e3o que possibilitam larguras de banda de 1 Gbps. Se ainda tem d\u00favidas sobre as potencialidades da fibra \u00f3ptica, aqui fica o v\u00eddeo.<\/p>\n<p align=\"justify\"><a href=\"http:\/\/www.youtube.com\/watch?v=O9gfie1E_xc&amp;feature=player_embedded\" target=\"_blank\"><img decoding=\"async\" src=\"\/\/www.ticmais.pt\/ticmais\/imagens\/Ver%20Video%201.PNG\" alt=\"\" \/><\/a><\/p>\n<p align=\"justify\">\u00a0<\/p>\n<\/td>\n<\/tr>\n<\/tbody>\n<\/table>\n<p><br class=\"spacer_\" \/><\/p>\n","protected":false},"excerpt":{"rendered":"<p>No momento em que o nosso pa\u00eds se prepara para a invas\u00e3o das redes de fibra \u00f3ptica, a Exame Inform\u00e1tica visitou um laborat\u00f3rio da Ericsson e revela-nos todos os segredos destas redes de nova gera\u00e7\u00e3o que possibilitam larguras de banda de 1 Gbps. Se ainda tem d\u00favidas sobre as potencialidades da fibra \u00f3ptica, aqui fica [&hellip;]<\/p>\n","protected":false},"author":1,"featured_media":0,"comment_status":"closed","ping_status":"closed","sticky":false,"template":"","format":"standard","meta":{"footnotes":""},"categories":[15],"tags":[124,86],"class_list":["post-1709","post","type-post","status-publish","format-standard","hentry","category-tic-mais","tag-fibra-optica","tag-redes"],"_links":{"self":[{"href":"https:\/\/www.ticmais.pt\/index.php?rest_route=\/wp\/v2\/posts\/1709","targetHints":{"allow":["GET"]}}],"collection":[{"href":"https:\/\/www.ticmais.pt\/index.php?rest_route=\/wp\/v2\/posts"}],"about":[{"href":"https:\/\/www.ticmais.pt\/index.php?rest_route=\/wp\/v2\/types\/post"}],"author":[{"embeddable":true,"href":"https:\/\/www.ticmais.pt\/index.php?rest_route=\/wp\/v2\/users\/1"}],"replies":[{"embeddable":true,"href":"https:\/\/www.ticmais.pt\/index.php?rest_route=%2Fwp%2Fv2%2Fcomments&post=1709"}],"version-history":[{"count":0,"href":"https:\/\/www.ticmais.pt\/index.php?rest_route=\/wp\/v2\/posts\/1709\/revisions"}],"wp:attachment":[{"href":"https:\/\/www.ticmais.pt\/index.php?rest_route=%2Fwp%2Fv2%2Fmedia&parent=1709"}],"wp:term":[{"taxonomy":"category","embeddable":true,"href":"https:\/\/www.ticmais.pt\/index.php?rest_route=%2Fwp%2Fv2%2Fcategories&post=1709"},{"taxonomy":"post_tag","embeddable":true,"href":"https:\/\/www.ticmais.pt\/index.php?rest_route=%2Fwp%2Fv2%2Ftags&post=1709"}],"curies":[{"name":"wp","href":"https:\/\/api.w.org\/{rel}","templated":true}]}}