{"id":1734,"date":"2009-05-06T00:25:17","date_gmt":"2009-05-06T00:25:17","guid":{"rendered":"http:\/\/www.ticmais.pt\/?p=1734"},"modified":"2009-05-06T00:25:17","modified_gmt":"2009-05-06T00:25:17","slug":"funcionarios-da-microsoft-oficialmente-despedidos","status":"publish","type":"post","link":"https:\/\/www.ticmais.pt\/?p=1734","title":{"rendered":"Funcion\u00e1rios da Microsoft oficialmente despedidos"},"content":{"rendered":"<table style=\"width: 100%;\" border=\"0\" cellspacing=\"5\" cellpadding=\"5\" align=\"justify\">\n<tbody>\n<tr>\n<td width=\"160\" valign=\"top\">\n<p align=\"justify\"><img decoding=\"async\" src=\"\/\/www.ticmais.pt\/ticmais\/imagens\/Funcionarios%20da%20Microsoft%20oficialmente%20despedidos.jpg\" alt=\"\" \/><\/p>\n<\/td>\n<td valign=\"top\">\n<p align=\"justify\">A Microsoft anunciou a formaliza\u00e7\u00e3o do despedimento de 3.000 funcion\u00e1rios das suas unidades de produ\u00e7\u00e3o nos Estados Unidos e resto do mundo. <a href=\"http:\/\/tek.sapo.pt\/noticias\/negocios\/funcionarios_da_microsoft_oficialmente_desped_992962.html\" target=\"_blank\">Mais&#8230;<\/a><\/p>\n<\/td>\n<\/tr>\n<\/tbody>\n<\/table>\n<p><br class=\"spacer_\" \/><\/p>\n","protected":false},"excerpt":{"rendered":"<p>A Microsoft anunciou a formaliza\u00e7\u00e3o do despedimento de 3.000 funcion\u00e1rios das suas unidades de produ\u00e7\u00e3o nos Estados Unidos e resto do mundo. Mais&#8230;<\/p>\n","protected":false},"author":1,"featured_media":0,"comment_status":"closed","ping_status":"closed","sticky":false,"template":"","format":"standard","meta":{"footnotes":""},"categories":[15],"tags":[42,314,73],"class_list":["post-1734","post","type-post","status-publish","format-standard","hentry","category-tic-mais","tag-desemprego","tag-despedimentos","tag-microsoft"],"_links":{"self":[{"href":"https:\/\/www.ticmais.pt\/index.php?rest_route=\/wp\/v2\/posts\/1734","targetHints":{"allow":["GET"]}}],"collection":[{"href":"https:\/\/www.ticmais.pt\/index.php?rest_route=\/wp\/v2\/posts"}],"about":[{"href":"https:\/\/www.ticmais.pt\/index.php?rest_route=\/wp\/v2\/types\/post"}],"author":[{"embeddable":true,"href":"https:\/\/www.ticmais.pt\/index.php?rest_route=\/wp\/v2\/users\/1"}],"replies":[{"embeddable":true,"href":"https:\/\/www.ticmais.pt\/index.php?rest_route=%2Fwp%2Fv2%2Fcomments&post=1734"}],"version-history":[{"count":0,"href":"https:\/\/www.ticmais.pt\/index.php?rest_route=\/wp\/v2\/posts\/1734\/revisions"}],"wp:attachment":[{"href":"https:\/\/www.ticmais.pt\/index.php?rest_route=%2Fwp%2Fv2%2Fmedia&parent=1734"}],"wp:term":[{"taxonomy":"category","embeddable":true,"href":"https:\/\/www.ticmais.pt\/index.php?rest_route=%2Fwp%2Fv2%2Fcategories&post=1734"},{"taxonomy":"post_tag","embeddable":true,"href":"https:\/\/www.ticmais.pt\/index.php?rest_route=%2Fwp%2Fv2%2Ftags&post=1734"}],"curies":[{"name":"wp","href":"https:\/\/api.w.org\/{rel}","templated":true}]}}