{"id":1738,"date":"2009-05-07T02:24:15","date_gmt":"2009-05-07T02:24:15","guid":{"rendered":"http:\/\/www.ticmais.pt\/?p=1738"},"modified":"2009-05-07T02:24:15","modified_gmt":"2009-05-07T02:24:15","slug":"o-governo-britanico-quer-tic-no-ensino-primario","status":"publish","type":"post","link":"https:\/\/www.ticmais.pt\/?p=1738","title":{"rendered":"O governo brit\u00e2nico quer TIC no ensino prim\u00e1rio"},"content":{"rendered":"<table style=\"width: 100%;\" border=\"0\" cellspacing=\"5\" cellpadding=\"5\" align=\"justify\">\n<tbody>\n<tr>\n<td width=\"160\" valign=\"top\">\n<p align=\"justify\"><img decoding=\"async\" src=\"\/\/www.ticmais.pt\/ticmais\/imagens\/O%20governo%20britanico%20quer%20TIC%20no%20ensino%20primario.jpg\" alt=\"\" \/><\/p>\n<\/td>\n<td valign=\"top\">\n<p align=\"justify\">O <a href=\"http:\/\/www.number10.gov.uk\/\" target=\"_blank\">governo brit\u00e2nico<\/a> acaba de anunciar que a aprendizagem da utiliza\u00e7\u00e3o das Tecnologias de Informa\u00e7\u00e3o e Comunica\u00e7\u00e3o (TIC) assumir\u00e1 tanta import\u00e2ncia nos curr\u00edculos escolares do ensino prim\u00e1rio como a aprendizagem da escrita e da leitura.<\/p>\n<\/td>\n<\/tr>\n<\/tbody>\n<\/table>\n<p><!--more--><\/p>\n<table style=\"width: 100%;\" border=\"0\" cellspacing=\"5\" cellpadding=\"5\" align=\"justify\">\n<tbody>\n<tr>\n<td valign=\"top\">\n<p align=\"justify\">Tendo em conta esta realidade ir\u00e1 ser efectuada uma revis\u00e3o dos curr\u00edculos ao n\u00edvel do ensino prim\u00e1rio, sendo dado relevo \u00e0s redes sociais e \u00e0s ferramentas de trabalho online.<\/p>\n<p align=\"justify\">Esta revis\u00e3o curricular\u00a0visar\u00e1 dar a todas as crian\u00e7as as mesmas condi\u00e7\u00f5es de acessos \u00e0s TIC, de modo a n\u00e3o criar info-exclu\u00eddos desde\u00a0 esse grau de ensino.<\/p>\n<\/td>\n<\/tr>\n<tr>\n<td>Fonte: <a href=\"http:\/\/www.i-gov.org\/\" target=\"_blank\">iGOV Central<\/a><\/td>\n<\/tr>\n<\/tbody>\n<\/table>\n","protected":false},"excerpt":{"rendered":"<p>O governo brit\u00e2nico acaba de anunciar que a aprendizagem da utiliza\u00e7\u00e3o das Tecnologias de Informa\u00e7\u00e3o e Comunica\u00e7\u00e3o (TIC) assumir\u00e1 tanta import\u00e2ncia nos curr\u00edculos escolares do ensino prim\u00e1rio como a aprendizagem da escrita e da leitura.<\/p>\n","protected":false},"author":1,"featured_media":0,"comment_status":"closed","ping_status":"closed","sticky":false,"template":"","format":"standard","meta":{"footnotes":""},"categories":[15],"tags":[20,8,19],"class_list":["post-1738","post","type-post","status-publish","format-standard","hentry","category-tic-mais","tag-ensino","tag-inclusao-digital","tag-sociedade-do-conhecinentoda-informacao"],"_links":{"self":[{"href":"https:\/\/www.ticmais.pt\/index.php?rest_route=\/wp\/v2\/posts\/1738","targetHints":{"allow":["GET"]}}],"collection":[{"href":"https:\/\/www.ticmais.pt\/index.php?rest_route=\/wp\/v2\/posts"}],"about":[{"href":"https:\/\/www.ticmais.pt\/index.php?rest_route=\/wp\/v2\/types\/post"}],"author":[{"embeddable":true,"href":"https:\/\/www.ticmais.pt\/index.php?rest_route=\/wp\/v2\/users\/1"}],"replies":[{"embeddable":true,"href":"https:\/\/www.ticmais.pt\/index.php?rest_route=%2Fwp%2Fv2%2Fcomments&post=1738"}],"version-history":[{"count":0,"href":"https:\/\/www.ticmais.pt\/index.php?rest_route=\/wp\/v2\/posts\/1738\/revisions"}],"wp:attachment":[{"href":"https:\/\/www.ticmais.pt\/index.php?rest_route=%2Fwp%2Fv2%2Fmedia&parent=1738"}],"wp:term":[{"taxonomy":"category","embeddable":true,"href":"https:\/\/www.ticmais.pt\/index.php?rest_route=%2Fwp%2Fv2%2Fcategories&post=1738"},{"taxonomy":"post_tag","embeddable":true,"href":"https:\/\/www.ticmais.pt\/index.php?rest_route=%2Fwp%2Fv2%2Ftags&post=1738"}],"curies":[{"name":"wp","href":"https:\/\/api.w.org\/{rel}","templated":true}]}}