{"id":1740,"date":"2009-05-07T23:32:01","date_gmt":"2009-05-07T23:32:01","guid":{"rendered":"http:\/\/www.ticmais.pt\/?p=1740"},"modified":"2009-05-07T23:32:01","modified_gmt":"2009-05-07T23:32:01","slug":"feira-virtual-oferece-emprego-qualificado","status":"publish","type":"post","link":"https:\/\/www.ticmais.pt\/?p=1740","title":{"rendered":"Feira virtual oferece emprego qualificado"},"content":{"rendered":"<table style=\"width: 100%;\" border=\"0\" cellspacing=\"5\" cellpadding=\"5\" align=\"justify\">\n<tbody>\n<tr>\n<td width=\"160\" valign=\"top\">\n<p align=\"justify\"><img decoding=\"async\" src=\"\/\/www.ticmais.pt\/ticmais\/imagens\/Feira%20virtual%20oferece%20emprego%20qualificado.jpg\" alt=\"\" \/><\/p>\n<\/td>\n<td valign=\"top\">\n<p align=\"justify\">Arranca na pr\u00f3xima segunda-feira mais uma edi\u00e7\u00e3o da feira virtual de emprego <a href=\"http:\/\/www.universia.pt\/\" target=\"_blank\">Universia<\/a>. Durante 12 dias o certame virtual vai contar com a presen\u00e7a de 30 empresas que ali mostram as suas ofertas de emprego, sobretudo dirigidas a jovens rec\u00e9m-licenciados ou na fase final do curso. <a href=\"http:\/\/tek.sapo.pt\/noticias\/internet\/feira_virtual_oferece_emprego_qualificado_993261.html\" target=\"_blank\">Mais&#8230;<\/a><\/p>\n<\/td>\n<\/tr>\n<\/tbody>\n<\/table>\n<p><br class=\"spacer_\" \/><\/p>\n","protected":false},"excerpt":{"rendered":"<p>Arranca na pr\u00f3xima segunda-feira mais uma edi\u00e7\u00e3o da feira virtual de emprego Universia. Durante 12 dias o certame virtual vai contar com a presen\u00e7a de 30 empresas que ali mostram as suas ofertas de emprego, sobretudo dirigidas a jovens rec\u00e9m-licenciados ou na fase final do curso. Mais&#8230;<\/p>\n","protected":false},"author":1,"featured_media":0,"comment_status":"closed","ping_status":"closed","sticky":false,"template":"","format":"standard","meta":{"footnotes":""},"categories":[15],"tags":[252,134],"class_list":["post-1740","post","type-post","status-publish","format-standard","hentry","category-tic-mais","tag-economia","tag-emprego"],"_links":{"self":[{"href":"https:\/\/www.ticmais.pt\/index.php?rest_route=\/wp\/v2\/posts\/1740","targetHints":{"allow":["GET"]}}],"collection":[{"href":"https:\/\/www.ticmais.pt\/index.php?rest_route=\/wp\/v2\/posts"}],"about":[{"href":"https:\/\/www.ticmais.pt\/index.php?rest_route=\/wp\/v2\/types\/post"}],"author":[{"embeddable":true,"href":"https:\/\/www.ticmais.pt\/index.php?rest_route=\/wp\/v2\/users\/1"}],"replies":[{"embeddable":true,"href":"https:\/\/www.ticmais.pt\/index.php?rest_route=%2Fwp%2Fv2%2Fcomments&post=1740"}],"version-history":[{"count":0,"href":"https:\/\/www.ticmais.pt\/index.php?rest_route=\/wp\/v2\/posts\/1740\/revisions"}],"wp:attachment":[{"href":"https:\/\/www.ticmais.pt\/index.php?rest_route=%2Fwp%2Fv2%2Fmedia&parent=1740"}],"wp:term":[{"taxonomy":"category","embeddable":true,"href":"https:\/\/www.ticmais.pt\/index.php?rest_route=%2Fwp%2Fv2%2Fcategories&post=1740"},{"taxonomy":"post_tag","embeddable":true,"href":"https:\/\/www.ticmais.pt\/index.php?rest_route=%2Fwp%2Fv2%2Ftags&post=1740"}],"curies":[{"name":"wp","href":"https:\/\/api.w.org\/{rel}","templated":true}]}}