{"id":1759,"date":"2009-05-19T01:39:26","date_gmt":"2009-05-19T01:39:26","guid":{"rendered":"http:\/\/www.ticmais.pt\/?p=1759"},"modified":"2009-05-19T01:39:26","modified_gmt":"2009-05-19T01:39:26","slug":"espanhois-testam-voto-electronico-nas-proximas-europeias","status":"publish","type":"post","link":"https:\/\/www.ticmais.pt\/?p=1759","title":{"rendered":"Espanh\u00f3is testam voto electr\u00f3nico nas pr\u00f3ximas europeias"},"content":{"rendered":"<table style=\"width: 100%;\" border=\"0\" cellspacing=\"5\" cellpadding=\"5\" align=\"justify\">\n<tbody>\n<tr>\n<td width=\"160\" valign=\"top\">\n<p align=\"justify\"><img decoding=\"async\" src=\"\/\/www.ticmais.pt\/ticmais\/imagens\/Espanhois%20testam%20voto%20electronico%20nas%20proximas%20europeias.jpg\" alt=\"\" \/><\/p>\n<\/td>\n<td valign=\"top\">\n<p align=\"justify\">Espanha vai testar voto electr\u00f3nico nas pr\u00f3ximas elei\u00e7\u00f5es europeias. A experi\u00eancia, que ir\u00e1 abranger cerca de 280 mil eleitores, ir\u00e1 tirar partido da utiliza\u00e7\u00e3o expressiva no novo Documento Nacional de Identifica\u00e7\u00e3o (uma esp\u00e9cie de Cart\u00e3o de Cidad\u00e3o) em algumas regi\u00f5es do pa\u00eds. <a href=\"http:\/\/tek.sapo.pt\/noticias\/computadores\/espanhois_testam_voto_electronico_nas_proxima_995140.html\" target=\"_blank\">Mais&#8230;<\/a><\/p>\n<\/td>\n<\/tr>\n<\/tbody>\n<\/table>\n<p><br class=\"spacer_\" \/><\/p>\n","protected":false},"excerpt":{"rendered":"<p>Espanha vai testar voto electr\u00f3nico nas pr\u00f3ximas elei\u00e7\u00f5es europeias. A experi\u00eancia, que ir\u00e1 abranger cerca de 280 mil eleitores, ir\u00e1 tirar partido da utiliza\u00e7\u00e3o expressiva no novo Documento Nacional de Identifica\u00e7\u00e3o (uma esp\u00e9cie de Cart\u00e3o de Cidad\u00e3o) em algumas regi\u00f5es do pa\u00eds. Mais&#8230;<\/p>\n","protected":false},"author":1,"featured_media":0,"comment_status":"closed","ping_status":"closed","sticky":false,"template":"","format":"standard","meta":{"footnotes":""},"categories":[15],"tags":[188,248],"class_list":["post-1759","post","type-post","status-publish","format-standard","hentry","category-tic-mais","tag-eleicoes","tag-parlamento-europeu"],"_links":{"self":[{"href":"https:\/\/www.ticmais.pt\/index.php?rest_route=\/wp\/v2\/posts\/1759","targetHints":{"allow":["GET"]}}],"collection":[{"href":"https:\/\/www.ticmais.pt\/index.php?rest_route=\/wp\/v2\/posts"}],"about":[{"href":"https:\/\/www.ticmais.pt\/index.php?rest_route=\/wp\/v2\/types\/post"}],"author":[{"embeddable":true,"href":"https:\/\/www.ticmais.pt\/index.php?rest_route=\/wp\/v2\/users\/1"}],"replies":[{"embeddable":true,"href":"https:\/\/www.ticmais.pt\/index.php?rest_route=%2Fwp%2Fv2%2Fcomments&post=1759"}],"version-history":[{"count":0,"href":"https:\/\/www.ticmais.pt\/index.php?rest_route=\/wp\/v2\/posts\/1759\/revisions"}],"wp:attachment":[{"href":"https:\/\/www.ticmais.pt\/index.php?rest_route=%2Fwp%2Fv2%2Fmedia&parent=1759"}],"wp:term":[{"taxonomy":"category","embeddable":true,"href":"https:\/\/www.ticmais.pt\/index.php?rest_route=%2Fwp%2Fv2%2Fcategories&post=1759"},{"taxonomy":"post_tag","embeddable":true,"href":"https:\/\/www.ticmais.pt\/index.php?rest_route=%2Fwp%2Fv2%2Ftags&post=1759"}],"curies":[{"name":"wp","href":"https:\/\/api.w.org\/{rel}","templated":true}]}}