{"id":1787,"date":"2009-06-05T00:05:05","date_gmt":"2009-06-05T00:05:05","guid":{"rendered":"http:\/\/www.ticmais.pt\/?p=1787"},"modified":"2009-06-05T00:05:05","modified_gmt":"2009-06-05T00:05:05","slug":"atraso-portugues-na-energia-das-ondas-pode-levar-verbas-comunitarias-para-espanha","status":"publish","type":"post","link":"https:\/\/www.ticmais.pt\/?p=1787","title":{"rendered":"Atraso portugu\u00eas na energia das ondas pode levar verbas comunit\u00e1rias para Espanha"},"content":{"rendered":"<table style=\"width: 100%;\" border=\"0\" cellspacing=\"5\" cellpadding=\"5\" align=\"justify\">\n<tbody>\n<tr>\n<td width=\"160\" valign=\"top\">\n<p align=\"justify\"><img decoding=\"async\" src=\"\/\/www.ticmais.pt\/ticmais\/imagens\/Atraso%20portugues%20na%20energia%20das%20ondas%20pode%20levar%20verbas%20comunitarias%20para%20Espanha.jpg\" alt=\"\" \/><\/p>\n<\/td>\n<td valign=\"top\">\n<p align=\"justify\">O director do Centro de Energia das Ondas (CEO), Ant\u00f3nio Sarmento, alertou ontem para a possibilidade de Portugal vir a perder para Espanha apoios comunit\u00e1rios devido \u00e0 inac\u00e7\u00e3o que se verifica no projecto de energia das ondas. <a href=\"http:\/\/www.jornaldenegocios.pt\/index.php?template=SHOWNEWS&amp;id=371572\" target=\"_blank\">Mais&#8230;<\/a><\/p>\n<\/td>\n<\/tr>\n<\/tbody>\n<\/table>\n<p><br class=\"spacer_\" \/><\/p>\n","protected":false},"excerpt":{"rendered":"<p>O director do Centro de Energia das Ondas (CEO), Ant\u00f3nio Sarmento, alertou ontem para a possibilidade de Portugal vir a perder para Espanha apoios comunit\u00e1rios devido \u00e0 inac\u00e7\u00e3o que se verifica no projecto de energia das ondas. Mais&#8230;<\/p>\n","protected":false},"author":1,"featured_media":0,"comment_status":"closed","ping_status":"closed","sticky":false,"template":"","format":"standard","meta":{"footnotes":""},"categories":[15],"tags":[24,25,26,37],"class_list":["post-1787","post","type-post","status-publish","format-standard","hentry","category-tic-mais","tag-ambiente","tag-ecologia-e-desenvolvimento-sustentavel","tag-energias-renovaveis","tag-novas-energias"],"_links":{"self":[{"href":"https:\/\/www.ticmais.pt\/index.php?rest_route=\/wp\/v2\/posts\/1787","targetHints":{"allow":["GET"]}}],"collection":[{"href":"https:\/\/www.ticmais.pt\/index.php?rest_route=\/wp\/v2\/posts"}],"about":[{"href":"https:\/\/www.ticmais.pt\/index.php?rest_route=\/wp\/v2\/types\/post"}],"author":[{"embeddable":true,"href":"https:\/\/www.ticmais.pt\/index.php?rest_route=\/wp\/v2\/users\/1"}],"replies":[{"embeddable":true,"href":"https:\/\/www.ticmais.pt\/index.php?rest_route=%2Fwp%2Fv2%2Fcomments&post=1787"}],"version-history":[{"count":0,"href":"https:\/\/www.ticmais.pt\/index.php?rest_route=\/wp\/v2\/posts\/1787\/revisions"}],"wp:attachment":[{"href":"https:\/\/www.ticmais.pt\/index.php?rest_route=%2Fwp%2Fv2%2Fmedia&parent=1787"}],"wp:term":[{"taxonomy":"category","embeddable":true,"href":"https:\/\/www.ticmais.pt\/index.php?rest_route=%2Fwp%2Fv2%2Fcategories&post=1787"},{"taxonomy":"post_tag","embeddable":true,"href":"https:\/\/www.ticmais.pt\/index.php?rest_route=%2Fwp%2Fv2%2Ftags&post=1787"}],"curies":[{"name":"wp","href":"https:\/\/api.w.org\/{rel}","templated":true}]}}