{"id":1799,"date":"2009-06-16T14:58:53","date_gmt":"2009-06-16T14:58:53","guid":{"rendered":"http:\/\/www.ticmais.pt\/?p=1799"},"modified":"2009-06-16T14:58:53","modified_gmt":"2009-06-16T14:58:53","slug":"raios-laser-tornam-celulas-solares-mais-competitivas","status":"publish","type":"post","link":"https:\/\/www.ticmais.pt\/?p=1799","title":{"rendered":"Raios laser tornam c\u00e9lulas solares mais competitivas"},"content":{"rendered":"<table style=\"width: 100%;\" border=\"0\" cellspacing=\"5\" cellpadding=\"5\" align=\"justify\">\n<tbody>\n<tr>\n<td width=\"160\" valign=\"top\">\n<p align=\"justify\"><img decoding=\"async\" src=\"\/\/www.ticmais.pt\/ticmais\/imagens\/Raios%20laser%20tornam%20celulas%20solares%20mais%20competitivas.jpg\" alt=\"\" \/><\/p>\n<\/td>\n<td valign=\"top\">\n<p align=\"justify\">As c\u00e9lulas solares s\u00e3o constru\u00eddas sobre as mesmas pastilhas de sil\u00edcio usadas para a constru\u00e7\u00e3o dos chips de computador. Depois de constru\u00eddas as c\u00e9lulas propriamente ditas, respons\u00e1veis por captar a luz do Sol e transform\u00e1-la em electricidade, \u00e9 necess\u00e1rio colocar os el\u00e9ctrodos, os fios que transportam essa electricidade. <a href=\"http:\/\/www.inovacaotecnologica.com.br\/noticias\/noticia.php?artigo=raios-laser-tornam-celulas-solares-mais-competitivas&amp;id=010115090610\" target=\"_blank\">Mais&#8230;<br \/>\n<\/a>\u00a0<\/p>\n<\/td>\n<\/tr>\n<\/tbody>\n<\/table>\n<p><br class=\"spacer_\" \/><\/p>\n","protected":false},"excerpt":{"rendered":"<p>As c\u00e9lulas solares s\u00e3o constru\u00eddas sobre as mesmas pastilhas de sil\u00edcio usadas para a constru\u00e7\u00e3o dos chips de computador. Depois de constru\u00eddas as c\u00e9lulas propriamente ditas, respons\u00e1veis por captar a luz do Sol e transform\u00e1-la em electricidade, \u00e9 necess\u00e1rio colocar os el\u00e9ctrodos, os fios que transportam essa electricidade. Mais&#8230; \u00a0<\/p>\n","protected":false},"author":1,"featured_media":0,"comment_status":"closed","ping_status":"closed","sticky":false,"template":"","format":"standard","meta":{"footnotes":""},"categories":[15],"tags":[53,38],"class_list":["post-1799","post","type-post","status-publish","format-standard","hentry","category-tic-mais","tag-eficiencia-energetica","tag-energia-solar"],"_links":{"self":[{"href":"https:\/\/www.ticmais.pt\/index.php?rest_route=\/wp\/v2\/posts\/1799","targetHints":{"allow":["GET"]}}],"collection":[{"href":"https:\/\/www.ticmais.pt\/index.php?rest_route=\/wp\/v2\/posts"}],"about":[{"href":"https:\/\/www.ticmais.pt\/index.php?rest_route=\/wp\/v2\/types\/post"}],"author":[{"embeddable":true,"href":"https:\/\/www.ticmais.pt\/index.php?rest_route=\/wp\/v2\/users\/1"}],"replies":[{"embeddable":true,"href":"https:\/\/www.ticmais.pt\/index.php?rest_route=%2Fwp%2Fv2%2Fcomments&post=1799"}],"version-history":[{"count":0,"href":"https:\/\/www.ticmais.pt\/index.php?rest_route=\/wp\/v2\/posts\/1799\/revisions"}],"wp:attachment":[{"href":"https:\/\/www.ticmais.pt\/index.php?rest_route=%2Fwp%2Fv2%2Fmedia&parent=1799"}],"wp:term":[{"taxonomy":"category","embeddable":true,"href":"https:\/\/www.ticmais.pt\/index.php?rest_route=%2Fwp%2Fv2%2Fcategories&post=1799"},{"taxonomy":"post_tag","embeddable":true,"href":"https:\/\/www.ticmais.pt\/index.php?rest_route=%2Fwp%2Fv2%2Ftags&post=1799"}],"curies":[{"name":"wp","href":"https:\/\/api.w.org\/{rel}","templated":true}]}}