{"id":1800,"date":"2009-06-16T17:35:02","date_gmt":"2009-06-16T17:35:02","guid":{"rendered":"http:\/\/www.ticmais.pt\/?p=1800"},"modified":"2009-06-16T17:35:02","modified_gmt":"2009-06-16T17:35:02","slug":"senior-virtual-vai-ser-colocado-a-venda-a-partir-de-setembro","status":"publish","type":"post","link":"https:\/\/www.ticmais.pt\/?p=1800","title":{"rendered":"\u00abS\u00e9nior Virtual\u00bb vai ser colocado \u00e0 venda a partir de Setembro"},"content":{"rendered":"<table style=\"width: 100%;\" border=\"0\" cellspacing=\"5\" cellpadding=\"5\" align=\"justify\">\n<tbody>\n<tr>\n<td width=\"160\" valign=\"top\">\n<p align=\"justify\"><img decoding=\"async\" src=\"\/\/www.ticmais.pt\/ticmais\/imagens\/Senior%20Virtual%20vai%20ser%20colocado%20a%20venda%20a%20partir%20de%20Setembro.jpg\" alt=\"\" \/><\/p>\n<\/td>\n<td valign=\"top\">\n<p align=\"justify\">Vai ser comercializado em Portugal, a partir de Setembro, um modelo de computador port\u00e1til dirigido \u00e0s pessoas de terceira idade, conforme foi anunciado, esta ter\u00e7a-feira, pelo director da Rede para as Universidades de Terceira Idade (RUTIS), segundo informa\u00e7\u00e3o da Lusa. <a href=\"http:\/\/www.tvi24.iol.pt\/tecnologia\/computador-seniors-rutis-portatil-terceira-idade-tvi24\/1070193-4069.html\" target=\"_blank\">Mais&#8230;<br \/>\n<\/a><\/p>\n<\/td>\n<\/tr>\n<\/tbody>\n<\/table>\n<p><br class=\"spacer_\" \/><\/p>\n","protected":false},"excerpt":{"rendered":"<p>Vai ser comercializado em Portugal, a partir de Setembro, um modelo de computador port\u00e1til dirigido \u00e0s pessoas de terceira idade, conforme foi anunciado, esta ter\u00e7a-feira, pelo director da Rede para as Universidades de Terceira Idade (RUTIS), segundo informa\u00e7\u00e3o da Lusa. Mais&#8230;<\/p>\n","protected":false},"author":1,"featured_media":0,"comment_status":"closed","ping_status":"closed","sticky":false,"template":"","format":"standard","meta":{"footnotes":""},"categories":[15],"tags":[8,338,339],"class_list":["post-1800","post","type-post","status-publish","format-standard","hentry","category-tic-mais","tag-inclusao-digital","tag-terceira-idade","tag-universidade"],"_links":{"self":[{"href":"https:\/\/www.ticmais.pt\/index.php?rest_route=\/wp\/v2\/posts\/1800","targetHints":{"allow":["GET"]}}],"collection":[{"href":"https:\/\/www.ticmais.pt\/index.php?rest_route=\/wp\/v2\/posts"}],"about":[{"href":"https:\/\/www.ticmais.pt\/index.php?rest_route=\/wp\/v2\/types\/post"}],"author":[{"embeddable":true,"href":"https:\/\/www.ticmais.pt\/index.php?rest_route=\/wp\/v2\/users\/1"}],"replies":[{"embeddable":true,"href":"https:\/\/www.ticmais.pt\/index.php?rest_route=%2Fwp%2Fv2%2Fcomments&post=1800"}],"version-history":[{"count":0,"href":"https:\/\/www.ticmais.pt\/index.php?rest_route=\/wp\/v2\/posts\/1800\/revisions"}],"wp:attachment":[{"href":"https:\/\/www.ticmais.pt\/index.php?rest_route=%2Fwp%2Fv2%2Fmedia&parent=1800"}],"wp:term":[{"taxonomy":"category","embeddable":true,"href":"https:\/\/www.ticmais.pt\/index.php?rest_route=%2Fwp%2Fv2%2Fcategories&post=1800"},{"taxonomy":"post_tag","embeddable":true,"href":"https:\/\/www.ticmais.pt\/index.php?rest_route=%2Fwp%2Fv2%2Ftags&post=1800"}],"curies":[{"name":"wp","href":"https:\/\/api.w.org\/{rel}","templated":true}]}}