{"id":1802,"date":"2009-01-03T01:05:13","date_gmt":"2009-01-03T01:05:13","guid":{"rendered":"http:\/\/www.ticmais.pt\/?p=1802"},"modified":"2023-03-22T11:17:06","modified_gmt":"2023-03-22T10:17:06","slug":"para-quando-a-2%c2%aa-e-3%c2%aa-fase-do-projecto-leziria-em-rede","status":"publish","type":"post","link":"https:\/\/www.ticmais.pt\/?p=1802","title":{"rendered":"Para quando a 2\u00aa e 3\u00aa fases do projecto \u201cLez\u00edria em Rede\u201d?"},"content":{"rendered":"<table style=\"width: 100%;\" border=\"0\" cellspacing=\"5\" cellpadding=\"5\" align=\"justify\">\n<tbody>\n<tr>\n<td valign=\"top\" width=\"160\"><img loading=\"lazy\" decoding=\"async\" src=\"\/\/www.ticmais.pt\/ticmais\/imagens\/projecto-qleziria-em-redeq-1o-fase.jpg\" alt=\"\" width=\"160\" height=\"181\" border=\"0\" \/><\/td>\n<td valign=\"top\">Promovido pela Comunidade Intermunicipal da Lez\u00edria do Tejo (CIMLT), o projecto \u201c<a href=\"https:\/\/repositorio.ul.pt\/bitstream\/10451\/42725\/1\/DESENVOLVIMENTO%20LOCAL_2006.pdf\">Lez\u00edria em Rede<\/a>\u201d est\u00e1 (<strong>estava<\/strong>) dividido em <strong>tr\u00eas fases<\/strong>:<\/p>\n<div style=\"text-align: justify;\"><strong>1.\u00aa fase:<\/strong> interliga\u00e7\u00e3o dos edif\u00edcios camar\u00e1rios (Rede de 1.\u00ba n\u00edvel);<br \/>\n<strong>2.\u00aa fase:<\/strong> interliga\u00e7\u00e3o entre os v\u00e1rios Munic\u00edpios (Rede de 2.\u00aa n\u00edvel);<br \/>\n<strong>3.\u00aa fase:<\/strong> alargamento da Rede de 1.\u00ba n\u00edvel a \u00e1reas de localiza\u00e7\u00e3o empresarial, parques de neg\u00f3cios, escolas e outros organismos p\u00fablicos. Possibilidade de interven\u00e7\u00f5es em zonas desfavorecidas.<\/div>\n<div style=\"text-align: justify;\"><\/div>\n<div style=\"text-align: justify;\"><a href=\"http:\/\/www.ticmais.pt\/?p=1234\"><img decoding=\"async\" src=\"\/\/www.ticmais.pt\/ticmais\/imagens\/ticmaislogomini.png\" alt=\"\" \/><\/a><\/div>\n<\/td>\n<\/tr>\n<\/tbody>\n<\/table>\n<div><!--more--><\/div>\n<table style=\"width: 100%;\" border=\"0\" cellspacing=\"5\" cellpadding=\"5\" align=\"justify\">\n<tbody>\n<tr>\n<td><strong>Os grandes objectivos do projecto \u201cLez\u00edria em Rede\u201d s\u00e3o (infelizmente eram):<\/strong><\/td>\n<\/tr>\n<tr>\n<td>&#8211; Criar uma rede de comunica\u00e7\u00f5es de alta capacidade para Munic\u00edpios, empresas e outros organismos de n\u00edvel regional;<\/td>\n<\/tr>\n<tr>\n<td>&#8211; Impulsionar o desenvolvimento regional atrav\u00e9s da utiliza\u00e7\u00e3o de novas tecnologias;<\/td>\n<\/tr>\n<tr>\n<td>&#8211; Proporcionar a todos os habitantes da regi\u00e3o o acesso a um conjunto de servi\u00e7os inovadores.<\/td>\n<\/tr>\n<tr>\n<td><strong>Este projecto, j\u00e1 aprovado em Janeiro de 2007, financiado pelo Eixo II do Programa Operacional da Regi\u00e3o de Lisboa e Vale do Tejo (PORLVT), ainda s\u00f3 permitiu, de um modo geral, a implementa\u00e7\u00e3o dos objectivos da 1\u00aa Fase.<\/strong><\/td>\n<\/tr>\n<tr>\n<td style=\"background-color: #c8fcaf;\">Sem d\u00favida nenhuma que \u00e9 extremamente importante a cria\u00e7\u00e3o de uma rede base que interligue todos os edif\u00edcios camar\u00e1rios entre si e tamb\u00e9m dos pr\u00f3prios Munic\u00edpios entre si. No entanto, n\u00f3s (ticMAIS) estamos \u00e9 verdadeiramente preocupados <strong>com a efectiva e eficiente implementa\u00e7\u00e3o dos objectivos da 2\u00aa e 3\u00aa fase<\/strong>(e quanto antes), pois outras regi\u00f5es v\u00eam desenvolvendo e implementando no terreno, h\u00e1 j\u00e1 algum tempo, esses mesmos objectivos.<\/p>\n<div>Ainda que o potencial das tecnologias de informa\u00e7\u00e3o e comunica\u00e7\u00e3o (TICs) aumente a participa\u00e7\u00e3o e o envolvimento da sociedade civil, a exclus\u00e3o digital \u2013 falta de acesso e capacita\u00e7\u00e3o para o uso de TICs \u2013 representa actualmente um grande obst\u00e1culo para a participa\u00e7\u00e3o na sociedade civil e democr\u00e1tica.<\/div>\n<\/td>\n<\/tr>\n<tr>\n<td valign=\"top\"><strong><span style=\"color: #800000;\">Aqui n\u00e3o pode haver duas velocidades<\/span><\/strong><\/p>\n<div style=\"text-align: justify;\">\u00c9 bom recordar que a sociedade da informa\u00e7\u00e3o somos n\u00f3s,\u00a0cidad\u00e3os, sem os quais n\u00e3o h\u00e1 rede poss\u00edvel.<\/div>\n<div><span style=\"color: #ffffff;\">.<\/span><\/div>\n<div style=\"text-align: justify;\">De pouco adiantar\u00e1 termos &#8220;auto-estradas&#8221; de comunica\u00e7\u00e3o on-line, se o custo das &#8220;portagens&#8221; n\u00e3o estiver ao alcance da maioria dos poss\u00edveis utilizadores ou se grande parte desses &#8220;condutores&#8221; n\u00e3o tiverem &#8220;carta\u201d, \u201ccarro&#8221; e, muito importante, se n\u00e3o tiverem &#8220;experi\u00eancia de condu\u00e7\u00e3o&#8221;. S\u00e3o, pois, necess\u00e1rias medidas urgentes que confiram diploma de compet\u00eancias b\u00e1sicas em TICs (massivas e gratuitas). H\u00e1 regi\u00f5es e concelhos do pa\u00eds que j\u00e1 o est\u00e3o a fazer e bem.<\/div>\n<div><span style=\"color: #ffffff;\">.<\/span><\/div>\n<div style=\"text-align: justify;\">Coruche (e outros concelhos da regi\u00e3o) ainda se caracteriza(m) por ter uma reduzida sensibiliza\u00e7\u00e3o na \u00e1rea das TIC, uma fraca aposta na inclus\u00e3o digital, uma manifesta insufici\u00eancia de percursos escolares e sa\u00eddas profissionais nessas \u00e1reas, uma reduzida forma\u00e7\u00e3o de quadros verdadeiramente qualificados e um fraco investimento infra-estrutural em novas tecnologias, assim como uma cobertura irregular e insuficiente (com grandes assimetrias entre zonas urbanas e zonas rurais) de acessos &#8220;banda larga&#8221; de Internet.<\/div>\n<div><span style=\"color: #ffffff;\">.<\/span><\/div>\n<div style=\"text-align: justify;\">O uso da Internet em muitas autarquias que integram o projecto \u201cLez\u00edria em Rede\u201d ainda continua a restringir-se, em grande parte, a uma \u201c moderniza\u00e7\u00e3o conservadora\u201d e concentrada em si mesma, sem abrir os seus servi\u00e7os \u00e0 comunidade, com um receio evidente de que se alterem as rela\u00e7\u00f5es de poder. S\u00e3o ainda raras as iniciativas que permitem uma efectiva interven\u00e7\u00e3o dos cidad\u00e3os na sua gest\u00e3o e \u00e9 bastante baixo o n\u00edvel de interactividade. S\u00e3o disponibilizados formul\u00e1rios dos servi\u00e7os via Internet, mas os cidad\u00e3os acabam por ter de se dirigir fisicamente aos munic\u00edpios para finalizar os assuntos. Conv\u00e9m referir que dispor de formul\u00e1rios \u00e9 das coisas mais simples que existem on-line.<\/div>\n<div><span style=\"color: #ffffff;\">.<\/span><\/div>\n<div style=\"text-align: justify;\">N\u00e3o ser\u00e1 poss\u00edvel tirar partido das tecnologias colocadas ao dispor das pessoas se estas n\u00e3o possu\u00edrem as capacidades necess\u00e1rias para as usarem. \u00c9 preciso garantir que os concelhos inseridos no \u201cPrograma Lez\u00edria em Rede\u201d possuam recursos humanos qualificados (eleitos, funcion\u00e1rios p\u00fablicos e privados, popula\u00e7\u00e3o em geral) que percebam a relev\u00e2ncia dos sistemas inform\u00e1ticos e que saibam utiliz\u00e1-los de forma eficiente, de modo a promover uma cultura que privilegie a qualidade dos servi\u00e7os prestados. Sem assegurar estes factores cr\u00edticos, todas as iniciativas de moderniza\u00e7\u00e3o estar\u00e3o condenadas ao fracasso.<\/div>\n<div><span style=\"color: #ffffff;\">.<\/span><\/div>\n<div style=\"text-align: justify;\">O conhecimento \u00e9 cada vez mais a chave para o desenvolvimento social e econ\u00f3mico. O seu acesso, aquisi\u00e7\u00e3o e partilha t\u00eam sofrido mudan\u00e7as dram\u00e1ticas devido \u00e0 rapidez do surgimento de novas tecnologias de comunica\u00e7\u00e3o e informa\u00e7\u00e3o (TICs) e \u00e0s transforma\u00e7\u00f5es sociais geradas por elas.<\/div>\n<div><span style=\"color: #ffffff;\">.<\/span><\/div>\n<div style=\"text-align: justify;\">Em vastas zonas dos concelhos abrangidos pelo \u201cPrograma Lez\u00edria em Rede\u201d s\u00e3o ainda enormes as limita\u00e7\u00f5es e os custos de acesso a servi\u00e7os de efectiva Banda Larga.<\/div>\n<div><span style=\"color: #ffffff;\">.<\/span><\/div>\n<div style=\"text-align: justify;\">Mas se estes desequil\u00edbrios ao n\u00edvel do pa\u00eds j\u00e1 s\u00e3o uma realidade e um grande desafio a ultrapassar, outros h\u00e1 ainda maiores.<\/div>\n<div><span style=\"color: #ffffff;\">.<\/span><\/div>\n<div style=\"text-align: justify;\">\u00c9 preciso encurtar dist\u00e2ncias entre os pa\u00edses que lideram neste dom\u00ednio. Hoje, cidades inteiras por esse mundo fora (<a href=\"http:\/\/www.cm-sjm.pt\/index.php?oid=7770&amp;op=all\" target=\"_blank\" rel=\"noopener noreferrer\">e felizmente algumas por c\u00e1<\/a>) disponibilizam ou est\u00e3o a disponibilizar aos seus cidad\u00e3os acessos a redes wireless e WiMAX de forma gratuita ou com tarifas baixas (de cidadania) e com cobertura geogr\u00e1fica total. Est\u00e3o j\u00e1 a disponibilizar na casa das pessoas os chamados servi\u00e7os Four Play (Telefone, Internet, Televis\u00e3o e V\u00eddeo On Demand num \u00fanico contrato e a pre\u00e7os mais acess\u00edveis).<\/div>\n<div><span style=\"color: #ffffff;\">.<\/span><\/div>\n<div><span style=\"color: #800000;\"><strong>A montanha tem mesmo de ir a Maom\u00e9<\/strong><\/span><\/div>\n<div><span style=\"color: #ffffff;\">.<\/span><br \/>\nActualmente, as pessoas que n\u00e3o t\u00eam Net ou \u00e9 porque n\u00e3o t\u00eam acesso, forma\u00e7\u00e3o, ou porque n\u00e3o t\u00eam rendimentos. Como j\u00e1 aqui referi, s\u00e3o precisas, urgentemente, solu\u00e7\u00f5es imaginativas, tipo:<\/div>\n<div><span style=\"color: #ffffff;\">.<\/span><\/div>\n<ul>\n<li>\u00a0\u201c<a href=\"https:\/\/tek.sapo.pt\/noticias\/internet\/artigos\/net-sobre-rodas-mobiliza-populacoes-de-entre-douro-e-vouga-para-as-tic\">Net sobre Rodas<\/a>\u201d, g\u00e9nero Biblioteca Itinerante da Gulbenkian, mas que em vez de disponibilizar livros disponibiliza servi\u00e7os tecnol\u00f3gicos, forma\u00e7\u00e3o e certifica\u00e7\u00e3o em TICs em carrinhas devidamente equipadas com equipamento inform\u00e1tico, j\u00e1 implementada em alguns concelhos do Pa\u00eds. (Exemplos: Carro da Net &#8211; Net sobre Rodas);<\/li>\n<li>Centros Locais de Recupera\u00e7\u00e3o de Equipamento Inform\u00e1tico, que recebem hardware usado, fazem o seu recondicionamento e recolocam-no (gratuitamente ou quase) para programas de inclus\u00e3o digital. Estes centros, para al\u00e9m de formarem e capacitarem profissionalmente os jovens que neles se inserem, d\u00e3o seguimento do material n\u00e3o recuperado para programas de reciclagem ambientalmente correctos.<\/li>\n<\/ul>\n<p><span style=\"color: #ffffff;\">.<\/span><\/p>\n<p>N\u00e3o restam d\u00favidas de que as pessoas constituem o ponto de partida (e chegada) de uma pol\u00edtica bem sucedida de desenvolvimento, especialmente no que respeita \u00e0 dinamiza\u00e7\u00e3o da sociedade baseada no conhecimento. Sem uma popula\u00e7\u00e3o com altos n\u00edveis de educa\u00e7\u00e3o e qualifica\u00e7\u00e3o n\u00e3o se consegue tirar pleno proveito do potencial transformador do e-Government.<\/p>\n<div style=\"text-align: justify;\"><strong>Em resumo, \u00e9 necess\u00e1rio colocar a regi\u00e3o num patamar de n\u00edvel europeu, concorrendo com as regi\u00f5es tecnologicamente mais evolu\u00eddas internacionalmente, e criar condi\u00e7\u00f5es para que o universo daqueles que t\u00eam acesso aos benef\u00edcios das TIC seja aumentado drasticamente, porque a realidade est\u00e1 \u00e0 vista.<\/strong><\/div>\n<div><img decoding=\"async\" src=\"\/\/www.ticmais.pt\/ticmais\/imagens\/Coruche,Antonio Pinheiro da Costa,TicMAIS,Cantanhede,Cidadania, Movimento.png\" alt=\"\" \/><\/div>\n<div><span style=\"color: #ffffff;\">.<\/span><\/div>\n<div><strong><a href=\"https:\/\/www.ticmais.pt\/ticmais\/pdf\/2007.12.21.projecto.leziria.em.rede.pdf\">Not\u00edcia publicada no Jornal Mais Regi\u00e3o<\/a><\/strong><\/div>\n<\/td>\n<\/tr>\n<tr>\n<td valign=\"top\">&nbsp;<\/p>\n<div><a href=\"https:\/\/www.ticmais.pt\/\"><img decoding=\"async\" src=\"\/\/www.ticmais.pt\/ticmais\/imagens\/Coruche, TicMAIS, Antonio Pinheiro da Costa, Movimento de Cidadania, Cantanhede.png\" alt=\"\" \/><\/a><\/div>\n<\/td>\n<\/tr>\n<\/tbody>\n<\/table>\n","protected":false},"excerpt":{"rendered":"<p>Promovido pela Comunidade Intermunicipal da Lez\u00edria do Tejo (CIMLT), o projecto \u201cLez\u00edria em Rede\u201d est\u00e1 (estava) dividido em tr\u00eas fases: 1.\u00aa fase: interliga\u00e7\u00e3o dos edif\u00edcios camar\u00e1rios (Rede de 1.\u00ba n\u00edvel); 2.\u00aa fase: interliga\u00e7\u00e3o entre os v\u00e1rios Munic\u00edpios (Rede de 2.\u00aa n\u00edvel); 3.\u00aa fase: alargamento da Rede de 1.\u00ba n\u00edvel a \u00e1reas de localiza\u00e7\u00e3o empresarial, parques [&hellip;]<\/p>\n","protected":false},"author":1,"featured_media":0,"comment_status":"closed","ping_status":"closed","sticky":false,"template":"","format":"standard","meta":{"footnotes":""},"categories":[15],"tags":[2,178,3,4,5,6,17,7,157,22,34,10,11,12,18,13,86,207,19,28,16,96,208],"class_list":["post-1802","post","type-post","status-publish","format-standard","hentry","category-tic-mais","tag-antonio-pinheiro-da-costa","tag-autarquias","tag-camara-municipal-de-coruche","tag-cantanhede","tag-cidadania","tag-coruche","tag-desenvolvimento-economico","tag-egov","tag-empreendedorismo","tag-inovacao","tag-internet","tag-movimentos-civicos","tag-movimento-de-cidadania","tag-municipios","tag-plano-tecnologico","tag-poder-local","tag-redes","tag-rng","tag-sociedade-do-conhecinentoda-informacao","tag-tecnologia","tag-ticmais","tag-wifi","tag-wimax"],"_links":{"self":[{"href":"https:\/\/www.ticmais.pt\/index.php?rest_route=\/wp\/v2\/posts\/1802","targetHints":{"allow":["GET"]}}],"collection":[{"href":"https:\/\/www.ticmais.pt\/index.php?rest_route=\/wp\/v2\/posts"}],"about":[{"href":"https:\/\/www.ticmais.pt\/index.php?rest_route=\/wp\/v2\/types\/post"}],"author":[{"embeddable":true,"href":"https:\/\/www.ticmais.pt\/index.php?rest_route=\/wp\/v2\/users\/1"}],"replies":[{"embeddable":true,"href":"https:\/\/www.ticmais.pt\/index.php?rest_route=%2Fwp%2Fv2%2Fcomments&post=1802"}],"version-history":[{"count":0,"href":"https:\/\/www.ticmais.pt\/index.php?rest_route=\/wp\/v2\/posts\/1802\/revisions"}],"wp:attachment":[{"href":"https:\/\/www.ticmais.pt\/index.php?rest_route=%2Fwp%2Fv2%2Fmedia&parent=1802"}],"wp:term":[{"taxonomy":"category","embeddable":true,"href":"https:\/\/www.ticmais.pt\/index.php?rest_route=%2Fwp%2Fv2%2Fcategories&post=1802"},{"taxonomy":"post_tag","embeddable":true,"href":"https:\/\/www.ticmais.pt\/index.php?rest_route=%2Fwp%2Fv2%2Ftags&post=1802"}],"curies":[{"name":"wp","href":"https:\/\/api.w.org\/{rel}","templated":true}]}}