{"id":1810,"date":"2009-06-19T17:37:32","date_gmt":"2009-06-19T17:37:32","guid":{"rendered":"http:\/\/www.ticmais.pt\/?p=1810"},"modified":"2009-06-19T17:37:32","modified_gmt":"2009-06-19T17:37:32","slug":"tecnologia-em-escola-de-verao","status":"publish","type":"post","link":"https:\/\/www.ticmais.pt\/?p=1810","title":{"rendered":"Tecnologia em Escola de Ver\u00e3o"},"content":{"rendered":"<table style=\"width: 100%;\" border=\"0\" cellspacing=\"5\" cellpadding=\"5\" align=\"justify\">\n<tbody>\n<tr>\n<td width=\"160\" valign=\"top\">\n<p align=\"justify\"><img decoding=\"async\" src=\"\/\/www.ticmais.pt\/ticmais\/imagens\/Tecnologia%20em%20Escola%20de%20Verao.jpg\" alt=\"\" \/><\/p>\n<\/td>\n<td valign=\"top\">\n<p align=\"justify\">Porque no Ver\u00e3o n\u00e3o h\u00e1 s\u00f3 espa\u00e7o para sol e mar, a Faculdade de Ci\u00eancias Sociais e Humanas da Universidade Nova de Lisboa prop\u00f5e uma ocupa\u00e7\u00e3o diferente: a frequ\u00eancia da sua Escola de Ver\u00e3o, que est\u00e1 j\u00e1 na quarta edi\u00e7\u00e3o. <a href=\"http:\/\/tek.sapo.pt\/extras\/site_do_dia\/tecnologia_em_escola_de_verao_1000013.html\" target=\"_blank\">Mais&#8230;<\/a><\/p>\n<\/td>\n<\/tr>\n<\/tbody>\n<\/table>\n<p><br class=\"spacer_\" \/><\/p>\n","protected":false},"excerpt":{"rendered":"<p>Porque no Ver\u00e3o n\u00e3o h\u00e1 s\u00f3 espa\u00e7o para sol e mar, a Faculdade de Ci\u00eancias Sociais e Humanas da Universidade Nova de Lisboa prop\u00f5e uma ocupa\u00e7\u00e3o diferente: a frequ\u00eancia da sua Escola de Ver\u00e3o, que est\u00e1 j\u00e1 na quarta edi\u00e7\u00e3o. Mais&#8230;<\/p>\n","protected":false},"author":1,"featured_media":0,"comment_status":"closed","ping_status":"closed","sticky":false,"template":"","format":"standard","meta":{"footnotes":""},"categories":[15],"tags":[20,21,28,339],"class_list":["post-1810","post","type-post","status-publish","format-standard","hentry","category-tic-mais","tag-ensino","tag-formacao","tag-tecnologia","tag-universidade"],"_links":{"self":[{"href":"https:\/\/www.ticmais.pt\/index.php?rest_route=\/wp\/v2\/posts\/1810","targetHints":{"allow":["GET"]}}],"collection":[{"href":"https:\/\/www.ticmais.pt\/index.php?rest_route=\/wp\/v2\/posts"}],"about":[{"href":"https:\/\/www.ticmais.pt\/index.php?rest_route=\/wp\/v2\/types\/post"}],"author":[{"embeddable":true,"href":"https:\/\/www.ticmais.pt\/index.php?rest_route=\/wp\/v2\/users\/1"}],"replies":[{"embeddable":true,"href":"https:\/\/www.ticmais.pt\/index.php?rest_route=%2Fwp%2Fv2%2Fcomments&post=1810"}],"version-history":[{"count":0,"href":"https:\/\/www.ticmais.pt\/index.php?rest_route=\/wp\/v2\/posts\/1810\/revisions"}],"wp:attachment":[{"href":"https:\/\/www.ticmais.pt\/index.php?rest_route=%2Fwp%2Fv2%2Fmedia&parent=1810"}],"wp:term":[{"taxonomy":"category","embeddable":true,"href":"https:\/\/www.ticmais.pt\/index.php?rest_route=%2Fwp%2Fv2%2Fcategories&post=1810"},{"taxonomy":"post_tag","embeddable":true,"href":"https:\/\/www.ticmais.pt\/index.php?rest_route=%2Fwp%2Fv2%2Ftags&post=1810"}],"curies":[{"name":"wp","href":"https:\/\/api.w.org\/{rel}","templated":true}]}}