{"id":1845,"date":"2009-07-02T23:23:10","date_gmt":"2009-07-02T23:23:10","guid":{"rendered":"http:\/\/www.ticmais.pt\/?p=1845"},"modified":"2020-03-25T22:57:46","modified_gmt":"2020-03-25T21:57:46","slug":"estudo-europeu-apela-a-formacao-tecnologica-parental","status":"publish","type":"post","link":"https:\/\/www.ticmais.pt\/?p=1845","title":{"rendered":"Estudo europeu apela a &#8220;forma\u00e7\u00e3o tecnol\u00f3gica parental&#8221;"},"content":{"rendered":"<table style=\"width: 100%;\" border=\"0\" cellspacing=\"5\" cellpadding=\"5\" align=\"justify\">\n<tbody>\n<tr>\n<td valign=\"top\" width=\"160\">\n<p align=\"justify\"><img decoding=\"async\" src=\"\/\/www.ticmais.pt\/ticmais\/imagens\/Estudo%20europeu%20apela%20a%20formacao%20tecnologica%20parental.jpg\" alt=\"\" \/><\/p>\n<\/td>\n<td valign=\"top\">\n<p align=\"justify\">O n\u00famero de crian\u00e7as e jovens portugueses que utilizam a Internet continua a crescer, em idades cada vez mais baixas, acentuando a diferen\u00e7a em rela\u00e7\u00e3o aos pais cibernautas, revela um estudo promovido pela iniciativa europeia EU Kids Online. <a href=\"http:\/\/tek.sapo.pt\/noticias\/internet\/estudo_europeu_apela_a_formacao_tecnologica_p_1002238.html\" target=\"_blank\" rel=\"noopener noreferrer\">Mais&#8230;<\/a><\/p>\n<\/td>\n<\/tr>\n<\/tbody>\n<\/table>\n","protected":false},"excerpt":{"rendered":"<p>O n\u00famero de crian\u00e7as e jovens portugueses que utilizam a Internet continua a crescer, em idades cada vez mais baixas, acentuando a diferen\u00e7a em rela\u00e7\u00e3o aos pais cibernautas, revela um estudo promovido pela iniciativa europeia EU Kids Online. Mais&#8230;<\/p>\n","protected":false},"author":1,"featured_media":0,"comment_status":"closed","ping_status":"closed","sticky":false,"template":"","format":"standard","meta":{"footnotes":""},"categories":[15],"tags":[358,5,17,157,21,8,22,19],"class_list":["post-1845","post","type-post","status-publish","format-standard","hentry","category-tic-mais","tag-antonio-pinheiro-ticmais","tag-cidadania","tag-desenvolvimento-economico","tag-empreendedorismo","tag-formacao","tag-inclusao-digital","tag-inovacao","tag-sociedade-do-conhecinentoda-informacao"],"_links":{"self":[{"href":"https:\/\/www.ticmais.pt\/index.php?rest_route=\/wp\/v2\/posts\/1845","targetHints":{"allow":["GET"]}}],"collection":[{"href":"https:\/\/www.ticmais.pt\/index.php?rest_route=\/wp\/v2\/posts"}],"about":[{"href":"https:\/\/www.ticmais.pt\/index.php?rest_route=\/wp\/v2\/types\/post"}],"author":[{"embeddable":true,"href":"https:\/\/www.ticmais.pt\/index.php?rest_route=\/wp\/v2\/users\/1"}],"replies":[{"embeddable":true,"href":"https:\/\/www.ticmais.pt\/index.php?rest_route=%2Fwp%2Fv2%2Fcomments&post=1845"}],"version-history":[{"count":0,"href":"https:\/\/www.ticmais.pt\/index.php?rest_route=\/wp\/v2\/posts\/1845\/revisions"}],"wp:attachment":[{"href":"https:\/\/www.ticmais.pt\/index.php?rest_route=%2Fwp%2Fv2%2Fmedia&parent=1845"}],"wp:term":[{"taxonomy":"category","embeddable":true,"href":"https:\/\/www.ticmais.pt\/index.php?rest_route=%2Fwp%2Fv2%2Fcategories&post=1845"},{"taxonomy":"post_tag","embeddable":true,"href":"https:\/\/www.ticmais.pt\/index.php?rest_route=%2Fwp%2Fv2%2Ftags&post=1845"}],"curies":[{"name":"wp","href":"https:\/\/api.w.org\/{rel}","templated":true}]}}