{"id":1856,"date":"2009-07-08T04:18:07","date_gmt":"2009-07-08T04:18:07","guid":{"rendered":"http:\/\/www.ticmais.pt\/?p=1856"},"modified":"2009-07-08T04:18:07","modified_gmt":"2009-07-08T04:18:07","slug":"certificacao-de-competencias-em-tecnologias-de-informacao-e-comunicacao-tic","status":"publish","type":"post","link":"https:\/\/www.ticmais.pt\/?p=1856","title":{"rendered":"Certifica\u00e7\u00e3o de compet\u00eancias em Tecnologias de Informa\u00e7\u00e3o e Comunica\u00e7\u00e3o (TIC)"},"content":{"rendered":"<table style=\"width: 100%;\" border=\"0\" cellspacing=\"5\" cellpadding=\"5\" align=\"justify\">\n<tbody>\n<tr>\n<td width=\"160\" valign=\"top\">\n<p align=\"justify\"><img decoding=\"async\" src=\"\/\/www.ticmais.pt\/ticmais\/imagens\/Certificacao%20de%20competencias%20em%20Tecnologias%20de%20Informacao%20e%20Comunicacao%20TIC.PNG\" alt=\"\" \/><\/p>\n<\/td>\n<td valign=\"top\">\n<p align=\"justify\">Acaba de ser publicada em Di\u00e1rio da Rep\u00fablica a <a href=\"http:\/\/dre.pt\/pdf1sdip\/2009\/07\/12900\/0434004343.pdf\" target=\"_blank\">Portaria n.\u00ba 731\/2009<\/a>, que cria o sistema de forma\u00e7\u00e3o e de certifica\u00e7\u00e3o de compet\u00eancias em Tecnologias de Informa\u00e7\u00e3o e Comunica\u00e7\u00e3o (TIC) para docentes.<br \/>\nO sistema de forma\u00e7\u00e3o e certifica\u00e7\u00e3o destina-se a professores do ensino pr\u00e9-escolar, b\u00e1sico e secund\u00e1rio.<br \/>\n\u00a0<\/td>\n<\/tr>\n<\/tbody>\n<\/table>\n","protected":false},"excerpt":{"rendered":"<p>Acaba de ser publicada em Di\u00e1rio da Rep\u00fablica a Portaria n.\u00ba 731\/2009, que cria o sistema de forma\u00e7\u00e3o e de certifica\u00e7\u00e3o de compet\u00eancias em Tecnologias de Informa\u00e7\u00e3o e Comunica\u00e7\u00e3o (TIC) para docentes. O sistema de forma\u00e7\u00e3o e certifica\u00e7\u00e3o destina-se a professores do ensino pr\u00e9-escolar, b\u00e1sico e secund\u00e1rio. \u00a0<\/p>\n","protected":false},"author":1,"featured_media":0,"comment_status":"closed","ping_status":"closed","sticky":false,"template":"","format":"standard","meta":{"footnotes":""},"categories":[15],"tags":[133,21,18,363],"class_list":["post-1856","post","type-post","status-publish","format-standard","hentry","category-tic-mais","tag-certificacao-profissional","tag-formacao","tag-plano-tecnologico","tag-tic"],"_links":{"self":[{"href":"https:\/\/www.ticmais.pt\/index.php?rest_route=\/wp\/v2\/posts\/1856","targetHints":{"allow":["GET"]}}],"collection":[{"href":"https:\/\/www.ticmais.pt\/index.php?rest_route=\/wp\/v2\/posts"}],"about":[{"href":"https:\/\/www.ticmais.pt\/index.php?rest_route=\/wp\/v2\/types\/post"}],"author":[{"embeddable":true,"href":"https:\/\/www.ticmais.pt\/index.php?rest_route=\/wp\/v2\/users\/1"}],"replies":[{"embeddable":true,"href":"https:\/\/www.ticmais.pt\/index.php?rest_route=%2Fwp%2Fv2%2Fcomments&post=1856"}],"version-history":[{"count":0,"href":"https:\/\/www.ticmais.pt\/index.php?rest_route=\/wp\/v2\/posts\/1856\/revisions"}],"wp:attachment":[{"href":"https:\/\/www.ticmais.pt\/index.php?rest_route=%2Fwp%2Fv2%2Fmedia&parent=1856"}],"wp:term":[{"taxonomy":"category","embeddable":true,"href":"https:\/\/www.ticmais.pt\/index.php?rest_route=%2Fwp%2Fv2%2Fcategories&post=1856"},{"taxonomy":"post_tag","embeddable":true,"href":"https:\/\/www.ticmais.pt\/index.php?rest_route=%2Fwp%2Fv2%2Ftags&post=1856"}],"curies":[{"name":"wp","href":"https:\/\/api.w.org\/{rel}","templated":true}]}}