{"id":1859,"date":"2009-07-09T13:58:36","date_gmt":"2009-07-09T13:58:36","guid":{"rendered":"http:\/\/www.ticmais.pt\/?p=1859"},"modified":"2009-07-09T13:58:36","modified_gmt":"2009-07-09T13:58:36","slug":"sony-revela-detalhes-de-netbook-que-chega-no-verao","status":"publish","type":"post","link":"https:\/\/www.ticmais.pt\/?p=1859","title":{"rendered":"Sony revela detalhes de netbook que chega no ver\u00e3o"},"content":{"rendered":"<table style=\"width: 100%;\" border=\"0\" cellspacing=\"5\" cellpadding=\"5\" align=\"justify\">\n<tbody>\n<tr>\n<td width=\"160\" valign=\"top\">\n<p align=\"justify\"><img decoding=\"async\" src=\"\/\/www.ticmais.pt\/ticmais\/imagens\/Sony%20revela%20detalhes%20de%20netbook%20que%20chega%20no%20verao.jpg\" alt=\"\" \/><\/p>\n<\/td>\n<td valign=\"top\">\n<p align=\"justify\">A Sony est\u00e1 a preparar o lan\u00e7amento de um netbook que dever\u00e1 chegar \u00e0 Europa antes do fim do ver\u00e3o. O equipamento, que come\u00e7a a ser comercializado no Jap\u00e3o em Agosto, vai ter medidas id\u00eanticas \u00e0 do recentemente lan\u00e7ado Vaio P, mas diferen\u00e7as significativas ao n\u00edvel de outras caracter\u00edsticas e do pre\u00e7o. <a href=\"http:\/\/tek.sapo.pt\/multimedia\/sony_revela_detalhes_de_netbook_que_chega_no_1005823.html\" target=\"_blank\">Mais&#8230;<\/a><\/p>\n<\/td>\n<\/tr>\n<\/tbody>\n<\/table>\n","protected":false},"excerpt":{"rendered":"<p>A Sony est\u00e1 a preparar o lan\u00e7amento de um netbook que dever\u00e1 chegar \u00e0 Europa antes do fim do ver\u00e3o. O equipamento, que come\u00e7a a ser comercializado no Jap\u00e3o em Agosto, vai ter medidas id\u00eanticas \u00e0 do recentemente lan\u00e7ado Vaio P, mas diferen\u00e7as significativas ao n\u00edvel de outras caracter\u00edsticas e do pre\u00e7o. Mais&#8230;<\/p>\n","protected":false},"author":1,"featured_media":0,"comment_status":"closed","ping_status":"closed","sticky":false,"template":"","format":"standard","meta":{"footnotes":""},"categories":[15],"tags":[72,80,203],"class_list":["post-1859","post","type-post","status-publish","format-standard","hentry","category-tic-mais","tag-hardware","tag-netbooks","tag-sony"],"_links":{"self":[{"href":"https:\/\/www.ticmais.pt\/index.php?rest_route=\/wp\/v2\/posts\/1859","targetHints":{"allow":["GET"]}}],"collection":[{"href":"https:\/\/www.ticmais.pt\/index.php?rest_route=\/wp\/v2\/posts"}],"about":[{"href":"https:\/\/www.ticmais.pt\/index.php?rest_route=\/wp\/v2\/types\/post"}],"author":[{"embeddable":true,"href":"https:\/\/www.ticmais.pt\/index.php?rest_route=\/wp\/v2\/users\/1"}],"replies":[{"embeddable":true,"href":"https:\/\/www.ticmais.pt\/index.php?rest_route=%2Fwp%2Fv2%2Fcomments&post=1859"}],"version-history":[{"count":0,"href":"https:\/\/www.ticmais.pt\/index.php?rest_route=\/wp\/v2\/posts\/1859\/revisions"}],"wp:attachment":[{"href":"https:\/\/www.ticmais.pt\/index.php?rest_route=%2Fwp%2Fv2%2Fmedia&parent=1859"}],"wp:term":[{"taxonomy":"category","embeddable":true,"href":"https:\/\/www.ticmais.pt\/index.php?rest_route=%2Fwp%2Fv2%2Fcategories&post=1859"},{"taxonomy":"post_tag","embeddable":true,"href":"https:\/\/www.ticmais.pt\/index.php?rest_route=%2Fwp%2Fv2%2Ftags&post=1859"}],"curies":[{"name":"wp","href":"https:\/\/api.w.org\/{rel}","templated":true}]}}