{"id":1879,"date":"2009-07-19T01:07:08","date_gmt":"2009-07-19T00:07:08","guid":{"rendered":"http:\/\/www.ticmais.pt\/?p=1879"},"modified":"2009-07-19T01:07:08","modified_gmt":"2009-07-19T00:07:08","slug":"internet-e-20-mais-cara-do-que-na-uniao-europeia","status":"publish","type":"post","link":"https:\/\/www.ticmais.pt\/?p=1879","title":{"rendered":"Internet \u00e9 20% mais cara do que na Uni\u00e3o Europeia"},"content":{"rendered":"<table style=\"width: 100%;\" border=\"0\" cellspacing=\"5\" cellpadding=\"5\" align=\"justify\">\n<tbody>\n<tr>\n<td width=\"160\" valign=\"top\">\n<p align=\"justify\"><img decoding=\"async\" src=\"\/\/www.ticmais.pt\/ticmais\/imagens\/Internet%20e%2020%20por%20cento%20mais%20cara%20do%20que%20na%20Uniao%20Europeia%20%201.JPG\" alt=\"\" \/><\/p>\n<\/td>\n<td valign=\"top\">\n<p><strong>Uso da banda larga m\u00f3vel sobe 57%<\/strong><\/p>\n<p style=\"text-align: justify;\">Os pre\u00e7os de acesso \u00e0 Internet em Portugal continuam a ser elevados e 20 por cento mais caros que a m\u00e9dia da Uni\u00e3o Europeia. No entanto, entre o primeiro trimestre de 2008 e 2009, a utiliza\u00e7\u00e3o da banda larga m\u00f3vel no mercado nacional subiu 57%, de acordo com as conclus\u00f5es da Autoridade da Concorr\u00eancia. <a href=\"http:\/\/www.agenciafinanceira.iol.pt\/noticia.php?id=1076300&amp;div_id=1730\" target=\"_blank\">Mais&#8230;<\/a><\/p>\n<\/td>\n<\/tr>\n<\/tbody>\n<\/table>\n<p><br class=\"spacer_\" \/><\/p>\n","protected":false},"excerpt":{"rendered":"<p>Uso da banda larga m\u00f3vel sobe 57% Os pre\u00e7os de acesso \u00e0 Internet em Portugal continuam a ser elevados e 20 por cento mais caros que a m\u00e9dia da Uni\u00e3o Europeia. No entanto, entre o primeiro trimestre de 2008 e 2009, a utiliza\u00e7\u00e3o da banda larga m\u00f3vel no mercado nacional subiu 57%, de acordo com [&hellip;]<\/p>\n","protected":false},"author":1,"featured_media":0,"comment_status":"closed","ping_status":"closed","sticky":false,"template":"","format":"standard","meta":{"footnotes":""},"categories":[15],"tags":[34,132],"class_list":["post-1879","post","type-post","status-publish","format-standard","hentry","category-tic-mais","tag-internet","tag-portugal"],"_links":{"self":[{"href":"https:\/\/www.ticmais.pt\/index.php?rest_route=\/wp\/v2\/posts\/1879","targetHints":{"allow":["GET"]}}],"collection":[{"href":"https:\/\/www.ticmais.pt\/index.php?rest_route=\/wp\/v2\/posts"}],"about":[{"href":"https:\/\/www.ticmais.pt\/index.php?rest_route=\/wp\/v2\/types\/post"}],"author":[{"embeddable":true,"href":"https:\/\/www.ticmais.pt\/index.php?rest_route=\/wp\/v2\/users\/1"}],"replies":[{"embeddable":true,"href":"https:\/\/www.ticmais.pt\/index.php?rest_route=%2Fwp%2Fv2%2Fcomments&post=1879"}],"version-history":[{"count":0,"href":"https:\/\/www.ticmais.pt\/index.php?rest_route=\/wp\/v2\/posts\/1879\/revisions"}],"wp:attachment":[{"href":"https:\/\/www.ticmais.pt\/index.php?rest_route=%2Fwp%2Fv2%2Fmedia&parent=1879"}],"wp:term":[{"taxonomy":"category","embeddable":true,"href":"https:\/\/www.ticmais.pt\/index.php?rest_route=%2Fwp%2Fv2%2Fcategories&post=1879"},{"taxonomy":"post_tag","embeddable":true,"href":"https:\/\/www.ticmais.pt\/index.php?rest_route=%2Fwp%2Fv2%2Ftags&post=1879"}],"curies":[{"name":"wp","href":"https:\/\/api.w.org\/{rel}","templated":true}]}}