{"id":1880,"date":"2009-07-20T11:50:37","date_gmt":"2009-07-20T10:50:37","guid":{"rendered":"http:\/\/www.ticmais.pt\/?p=1880"},"modified":"2009-07-20T11:50:37","modified_gmt":"2009-07-20T10:50:37","slug":"sevico-de-tv-da-vodafone-pode-pressionar-pt-e-zon","status":"publish","type":"post","link":"https:\/\/www.ticmais.pt\/?p=1880","title":{"rendered":"Sevi\u00e7o de TV da Vodafone pode pressionar PT e Zon"},"content":{"rendered":"<table style=\"width: 100%;\" border=\"0\" cellspacing=\"5\" cellpadding=\"5\" align=\"justify\">\n<tbody>\n<tr>\n<td width=\"160\" valign=\"top\">\n<p align=\"justify\"><img decoding=\"async\" src=\"\/\/www.ticmais.pt\/ticmais\/imagens\/Sevico%20de%20TV%20da%20Vodafone%20pode%20pressionar%20PT%20e%20Zon.jpg\" alt=\"\" \/><\/p>\n<\/td>\n<td valign=\"top\">\n<p style=\"text-align: justify;\">O lan\u00e7amento do servi\u00e7o de televis\u00e3o da Vodafone \u00e9 pontecialmente negativo para os outros operadores do mercado de pay-tv em Portugal, de acordo com os analistas do BPI. <a href=\"http:\/\/economico.sapo.pt\/noticias\/sevico-de-tv-da-vodafone-e-potencialmente-negativo-para-concorrentes_65474.html\" target=\"_blank\">Mais&#8230;<\/a><\/p>\n<\/td>\n<\/tr>\n<\/tbody>\n<\/table>\n<p><br class=\"spacer_\" \/><\/p>\n","protected":false},"excerpt":{"rendered":"<p>O lan\u00e7amento do servi\u00e7o de televis\u00e3o da Vodafone \u00e9 pontecialmente negativo para os outros operadores do mercado de pay-tv em Portugal, de acordo com os analistas do BPI. Mais&#8230;<\/p>\n","protected":false},"author":1,"featured_media":0,"comment_status":"closed","ping_status":"closed","sticky":false,"template":"","format":"standard","meta":{"footnotes":""},"categories":[15],"tags":[31,197,112],"class_list":["post-1880","post","type-post","status-publish","format-standard","hentry","category-tic-mais","tag-3play","tag-tv-digital","tag-vodafone"],"_links":{"self":[{"href":"https:\/\/www.ticmais.pt\/index.php?rest_route=\/wp\/v2\/posts\/1880","targetHints":{"allow":["GET"]}}],"collection":[{"href":"https:\/\/www.ticmais.pt\/index.php?rest_route=\/wp\/v2\/posts"}],"about":[{"href":"https:\/\/www.ticmais.pt\/index.php?rest_route=\/wp\/v2\/types\/post"}],"author":[{"embeddable":true,"href":"https:\/\/www.ticmais.pt\/index.php?rest_route=\/wp\/v2\/users\/1"}],"replies":[{"embeddable":true,"href":"https:\/\/www.ticmais.pt\/index.php?rest_route=%2Fwp%2Fv2%2Fcomments&post=1880"}],"version-history":[{"count":0,"href":"https:\/\/www.ticmais.pt\/index.php?rest_route=\/wp\/v2\/posts\/1880\/revisions"}],"wp:attachment":[{"href":"https:\/\/www.ticmais.pt\/index.php?rest_route=%2Fwp%2Fv2%2Fmedia&parent=1880"}],"wp:term":[{"taxonomy":"category","embeddable":true,"href":"https:\/\/www.ticmais.pt\/index.php?rest_route=%2Fwp%2Fv2%2Fcategories&post=1880"},{"taxonomy":"post_tag","embeddable":true,"href":"https:\/\/www.ticmais.pt\/index.php?rest_route=%2Fwp%2Fv2%2Ftags&post=1880"}],"curies":[{"name":"wp","href":"https:\/\/api.w.org\/{rel}","templated":true}]}}