{"id":1886,"date":"2009-07-21T18:40:06","date_gmt":"2009-07-21T17:40:06","guid":{"rendered":"http:\/\/www.ticmais.pt\/?p=1886"},"modified":"2009-07-21T18:40:06","modified_gmt":"2009-07-21T17:40:06","slug":"politica-agricola-deita-por-terra-esforcos-de-proteccao-da-natureza-na-europa","status":"publish","type":"post","link":"https:\/\/www.ticmais.pt\/?p=1886","title":{"rendered":"Pol\u00edtica Agr\u00edcola deita por terra esfor\u00e7os de protec\u00e7\u00e3o da Natureza na Europa"},"content":{"rendered":"<table style=\"width: 100%;\" border=\"0\" cellspacing=\"5\" cellpadding=\"5\" align=\"justify\">\n<tbody>\n<tr>\n<td width=\"160\" valign=\"top\">\n<p align=\"justify\"><img decoding=\"async\" src=\"\/\/www.ticmais.pt\/ticmais\/imagens\/Politica%20Agricola%20deita%20por%20terra%20esforcos%20de%20proteccao%20da%20Natureza%20na%20Europa.jpg\" alt=\"\" \/><\/p>\n<\/td>\n<td valign=\"top\">\n<p align=\"justify\">A Comiss\u00e3o Europeia (CE) publicou os resultados de um exerc\u00edcio para avaliar o estado do patrim\u00f3nio natural nos 27 Estados Membros. Usando dados fornecidos pelos governos, este relat\u00f3rio analisa a situa\u00e7\u00e3o de centenas de habitats e mais de um milhar de esp\u00e9cies de plantas e animais protegidos pela Directiva Habitats da Uni\u00e3o Europeia (EU).\u00a0 <a href=\"http:\/\/www.cienciapt.net\/pt\/index.php?option=com_content&amp;task=view&amp;id=99957&amp;Itemid=368\" target=\"_blank\">Mais&#8230;<\/a><\/p>\n<\/td>\n<\/tr>\n<\/tbody>\n<\/table>\n<p><br class=\"spacer_\" \/><\/p>\n","protected":false},"excerpt":{"rendered":"<p>A Comiss\u00e3o Europeia (CE) publicou os resultados de um exerc\u00edcio para avaliar o estado do patrim\u00f3nio natural nos 27 Estados Membros. Usando dados fornecidos pelos governos, este relat\u00f3rio analisa a situa\u00e7\u00e3o de centenas de habitats e mais de um milhar de esp\u00e9cies de plantas e animais protegidos pela Directiva Habitats da Uni\u00e3o Europeia (EU).\u00a0 Mais&#8230;<\/p>\n","protected":false},"author":1,"featured_media":0,"comment_status":"closed","ping_status":"closed","sticky":false,"template":"","format":"standard","meta":{"footnotes":""},"categories":[15],"tags":[24,56,25,99],"class_list":["post-1886","post","type-post","status-publish","format-standard","hentry","category-tic-mais","tag-ambiente","tag-biodiversidade","tag-ecologia-e-desenvolvimento-sustentavel","tag-uniao-europeia"],"_links":{"self":[{"href":"https:\/\/www.ticmais.pt\/index.php?rest_route=\/wp\/v2\/posts\/1886","targetHints":{"allow":["GET"]}}],"collection":[{"href":"https:\/\/www.ticmais.pt\/index.php?rest_route=\/wp\/v2\/posts"}],"about":[{"href":"https:\/\/www.ticmais.pt\/index.php?rest_route=\/wp\/v2\/types\/post"}],"author":[{"embeddable":true,"href":"https:\/\/www.ticmais.pt\/index.php?rest_route=\/wp\/v2\/users\/1"}],"replies":[{"embeddable":true,"href":"https:\/\/www.ticmais.pt\/index.php?rest_route=%2Fwp%2Fv2%2Fcomments&post=1886"}],"version-history":[{"count":0,"href":"https:\/\/www.ticmais.pt\/index.php?rest_route=\/wp\/v2\/posts\/1886\/revisions"}],"wp:attachment":[{"href":"https:\/\/www.ticmais.pt\/index.php?rest_route=%2Fwp%2Fv2%2Fmedia&parent=1886"}],"wp:term":[{"taxonomy":"category","embeddable":true,"href":"https:\/\/www.ticmais.pt\/index.php?rest_route=%2Fwp%2Fv2%2Fcategories&post=1886"},{"taxonomy":"post_tag","embeddable":true,"href":"https:\/\/www.ticmais.pt\/index.php?rest_route=%2Fwp%2Fv2%2Ftags&post=1886"}],"curies":[{"name":"wp","href":"https:\/\/api.w.org\/{rel}","templated":true}]}}