{"id":1887,"date":"2009-07-22T17:16:18","date_gmt":"2009-07-22T16:16:18","guid":{"rendered":"http:\/\/www.ticmais.pt\/?p=1887"},"modified":"2009-07-22T17:16:18","modified_gmt":"2009-07-22T16:16:18","slug":"mais-longo-eclipse-total-do-seculo-mergulhou-parte-da-asia-nas-trevas","status":"publish","type":"post","link":"https:\/\/www.ticmais.pt\/?p=1887","title":{"rendered":"Mais longo eclipse total do s\u00e9culo mergulhou parte da \u00c1sia nas trevas"},"content":{"rendered":"<table style=\"width: 100%;\" border=\"0\" cellspacing=\"5\" cellpadding=\"5\" align=\"justify\">\n<tbody>\n<tr>\n<td width=\"160\" valign=\"top\">\n<p align=\"justify\"><img decoding=\"async\" src=\"\/\/www.ticmais.pt\/ticmais\/imagens\/Mais%20longo%20eclipse%20total%20do%20seculo%20mergulhou%20parte%20da%20Asia%20nas%20trevas.jpg\" alt=\"\" \/><\/p>\n<\/td>\n<td valign=\"top\">\n<p>O mais longo eclipse total do Sol do S\u00e9culo XXI mergulhou esta quarta-feira uma parte da \u00c1sia nas trevas, podendo ter sido observado por dois mil milh\u00f5es de pessoas. <a href=\"http:\/\/sic.aeiou.pt\/online\/noticias\/vida\/2009722+Mais+longo+eclipse+total+do+s\u00e9culo+mergulhou+parte+da+asia+nas+trevas.htm\" target=\"_blank\">Mais&#8230;<\/a><\/p>\n<\/td>\n<\/tr>\n<\/tbody>\n<\/table>\n<p><br class=\"spacer_\" \/><\/p>\n","protected":false},"excerpt":{"rendered":"<p>O mais longo eclipse total do Sol do S\u00e9culo XXI mergulhou esta quarta-feira uma parte da \u00c1sia nas trevas, podendo ter sido observado por dois mil milh\u00f5es de pessoas. Mais&#8230;<\/p>\n","protected":false},"author":1,"featured_media":0,"comment_status":"closed","ping_status":"closed","sticky":false,"template":"","format":"standard","meta":{"footnotes":""},"categories":[15],"tags":[372,373],"class_list":["post-1887","post","type-post","status-publish","format-standard","hentry","category-tic-mais","tag-eclipse","tag-sol"],"_links":{"self":[{"href":"https:\/\/www.ticmais.pt\/index.php?rest_route=\/wp\/v2\/posts\/1887","targetHints":{"allow":["GET"]}}],"collection":[{"href":"https:\/\/www.ticmais.pt\/index.php?rest_route=\/wp\/v2\/posts"}],"about":[{"href":"https:\/\/www.ticmais.pt\/index.php?rest_route=\/wp\/v2\/types\/post"}],"author":[{"embeddable":true,"href":"https:\/\/www.ticmais.pt\/index.php?rest_route=\/wp\/v2\/users\/1"}],"replies":[{"embeddable":true,"href":"https:\/\/www.ticmais.pt\/index.php?rest_route=%2Fwp%2Fv2%2Fcomments&post=1887"}],"version-history":[{"count":0,"href":"https:\/\/www.ticmais.pt\/index.php?rest_route=\/wp\/v2\/posts\/1887\/revisions"}],"wp:attachment":[{"href":"https:\/\/www.ticmais.pt\/index.php?rest_route=%2Fwp%2Fv2%2Fmedia&parent=1887"}],"wp:term":[{"taxonomy":"category","embeddable":true,"href":"https:\/\/www.ticmais.pt\/index.php?rest_route=%2Fwp%2Fv2%2Fcategories&post=1887"},{"taxonomy":"post_tag","embeddable":true,"href":"https:\/\/www.ticmais.pt\/index.php?rest_route=%2Fwp%2Fv2%2Ftags&post=1887"}],"curies":[{"name":"wp","href":"https:\/\/api.w.org\/{rel}","templated":true}]}}