{"id":1894,"date":"2009-07-25T04:02:35","date_gmt":"2009-07-25T03:02:35","guid":{"rendered":"http:\/\/www.ticmais.pt\/?p=1894"},"modified":"2009-07-25T04:02:35","modified_gmt":"2009-07-25T03:02:35","slug":"sic-e-pt-com-acordo-na-televisao-e-internet","status":"publish","type":"post","link":"https:\/\/www.ticmais.pt\/?p=1894","title":{"rendered":"SIC e PT com acordo na televis\u00e3o e Internet"},"content":{"rendered":"<table style=\"width: 100%;\" border=\"0\" cellspacing=\"5\" cellpadding=\"5\" align=\"justify\">\n<tbody>\n<tr>\n<td width=\"160\" valign=\"top\">\n<p align=\"justify\"><img decoding=\"async\" src=\"\/\/www.ticmais.pt\/ticmais\/imagens\/SIC%20e%20PT%20com%20acordo%20na%20televisao%20e%20Internet%20.jpg\" alt=\"\" \/><\/p>\n<\/td>\n<td valign=\"top\">\n<p>A esta\u00e7\u00e3o de televis\u00e3o do grupo Impresa vai lan\u00e7ar um canal infantil em 2010, enquanto os sites da SIC voltam a estar integrados no Sapo, a partir de 1 de Setembro. As ac\u00e7\u00f5es da Impresa j\u00e1 come\u00e7aram a subir. <a href=\"http:\/\/aeiou.expresso.pt\/gen.pl?p=stories&amp;op=view&amp;fokey=ex.stories\/527663\" target=\"_blank\">Mais&#8230;<\/a><\/p>\n<\/td>\n<\/tr>\n<\/tbody>\n<\/table>\n<p><br class=\"spacer_\" \/><\/p>\n","protected":false},"excerpt":{"rendered":"<p>A esta\u00e7\u00e3o de televis\u00e3o do grupo Impresa vai lan\u00e7ar um canal infantil em 2010, enquanto os sites da SIC voltam a estar integrados no Sapo, a partir de 1 de Setembro. As ac\u00e7\u00f5es da Impresa j\u00e1 come\u00e7aram a subir. Mais&#8230;<\/p>\n","protected":false},"author":1,"featured_media":0,"comment_status":"closed","ping_status":"closed","sticky":false,"template":"","format":"standard","meta":{"footnotes":""},"categories":[15],"tags":[34,376,377,166],"class_list":["post-1894","post","type-post","status-publish","format-standard","hentry","category-tic-mais","tag-internet","tag-portugal-telecom","tag-sic","tag-televisao"],"_links":{"self":[{"href":"https:\/\/www.ticmais.pt\/index.php?rest_route=\/wp\/v2\/posts\/1894","targetHints":{"allow":["GET"]}}],"collection":[{"href":"https:\/\/www.ticmais.pt\/index.php?rest_route=\/wp\/v2\/posts"}],"about":[{"href":"https:\/\/www.ticmais.pt\/index.php?rest_route=\/wp\/v2\/types\/post"}],"author":[{"embeddable":true,"href":"https:\/\/www.ticmais.pt\/index.php?rest_route=\/wp\/v2\/users\/1"}],"replies":[{"embeddable":true,"href":"https:\/\/www.ticmais.pt\/index.php?rest_route=%2Fwp%2Fv2%2Fcomments&post=1894"}],"version-history":[{"count":0,"href":"https:\/\/www.ticmais.pt\/index.php?rest_route=\/wp\/v2\/posts\/1894\/revisions"}],"wp:attachment":[{"href":"https:\/\/www.ticmais.pt\/index.php?rest_route=%2Fwp%2Fv2%2Fmedia&parent=1894"}],"wp:term":[{"taxonomy":"category","embeddable":true,"href":"https:\/\/www.ticmais.pt\/index.php?rest_route=%2Fwp%2Fv2%2Fcategories&post=1894"},{"taxonomy":"post_tag","embeddable":true,"href":"https:\/\/www.ticmais.pt\/index.php?rest_route=%2Fwp%2Fv2%2Ftags&post=1894"}],"curies":[{"name":"wp","href":"https:\/\/api.w.org\/{rel}","templated":true}]}}