{"id":1895,"date":"2009-07-25T04:44:22","date_gmt":"2009-07-25T03:44:22","guid":{"rendered":"http:\/\/www.ticmais.pt\/?p=1895"},"modified":"2009-07-25T04:44:22","modified_gmt":"2009-07-25T03:44:22","slug":"regresso-da-powerline-antes-da-electricidade-sem-fios","status":"publish","type":"post","link":"https:\/\/www.ticmais.pt\/?p=1895","title":{"rendered":"Regresso da Powerline, antes da electricidade sem fios"},"content":{"rendered":"<table style=\"width: 100%;\" border=\"0\" cellspacing=\"5\" cellpadding=\"5\" align=\"justify\">\n<tbody>\n<tr>\n<td width=\"160\" valign=\"top\">\n<p style=\"text-align: justify;\"><img decoding=\"async\" src=\"\/\/www.ticmais.pt\/ticmais\/imagens\/Regresso%20da%20Powerline,%20antes%20da%20electricidade%20sem%20fios.jpg\" alt=\"\" \/><\/p>\n<\/td>\n<td valign=\"top\">\n<p style=\"text-align: justify;\">A Powerline, a transmiss\u00e3o de dados pela rede el\u00e9ctrica, morreu? Talvez n\u00e3o porque a Vodafone prepara-se para a relan\u00e7ar nos lares aderentes ao Casa TV.<br \/>\nAnunciado h\u00e1 poucos dias para os clientes ADSL, este servi\u00e7o de televis\u00e3o digital ser\u00e1 alargado em Setembro a todos os interessados, com promo\u00e7\u00f5es tarif\u00e1rias at\u00e9 final do ano.\u00a0 <a href=\"http:\/\/dn.sapo.pt\/inicio\/ciencia\/Interior.aspx?content_id=1316992&amp;seccao=Tecnologia\" target=\"_blank\">Mais&#8230;<\/a><\/p>\n<\/td>\n<\/tr>\n<\/tbody>\n<\/table>\n<p><br class=\"spacer_\" \/><\/p>\n","protected":false},"excerpt":{"rendered":"<p>A Powerline, a transmiss\u00e3o de dados pela rede el\u00e9ctrica, morreu? Talvez n\u00e3o porque a Vodafone prepara-se para a relan\u00e7ar nos lares aderentes ao Casa TV. Anunciado h\u00e1 poucos dias para os clientes ADSL, este servi\u00e7o de televis\u00e3o digital ser\u00e1 alargado em Setembro a todos os interessados, com promo\u00e7\u00f5es tarif\u00e1rias at\u00e9 final do ano.\u00a0 Mais&#8230;<\/p>\n","protected":false},"author":1,"featured_media":0,"comment_status":"closed","ping_status":"closed","sticky":false,"template":"","format":"standard","meta":{"footnotes":""},"categories":[15],"tags":[22,34,190,168,166,112],"class_list":["post-1895","post","type-post","status-publish","format-standard","hentry","category-tic-mais","tag-inovacao","tag-internet","tag-novabase","tag-powerline","tag-televisao","tag-vodafone"],"_links":{"self":[{"href":"https:\/\/www.ticmais.pt\/index.php?rest_route=\/wp\/v2\/posts\/1895","targetHints":{"allow":["GET"]}}],"collection":[{"href":"https:\/\/www.ticmais.pt\/index.php?rest_route=\/wp\/v2\/posts"}],"about":[{"href":"https:\/\/www.ticmais.pt\/index.php?rest_route=\/wp\/v2\/types\/post"}],"author":[{"embeddable":true,"href":"https:\/\/www.ticmais.pt\/index.php?rest_route=\/wp\/v2\/users\/1"}],"replies":[{"embeddable":true,"href":"https:\/\/www.ticmais.pt\/index.php?rest_route=%2Fwp%2Fv2%2Fcomments&post=1895"}],"version-history":[{"count":0,"href":"https:\/\/www.ticmais.pt\/index.php?rest_route=\/wp\/v2\/posts\/1895\/revisions"}],"wp:attachment":[{"href":"https:\/\/www.ticmais.pt\/index.php?rest_route=%2Fwp%2Fv2%2Fmedia&parent=1895"}],"wp:term":[{"taxonomy":"category","embeddable":true,"href":"https:\/\/www.ticmais.pt\/index.php?rest_route=%2Fwp%2Fv2%2Fcategories&post=1895"},{"taxonomy":"post_tag","embeddable":true,"href":"https:\/\/www.ticmais.pt\/index.php?rest_route=%2Fwp%2Fv2%2Ftags&post=1895"}],"curies":[{"name":"wp","href":"https:\/\/api.w.org\/{rel}","templated":true}]}}