{"id":1900,"date":"2009-07-27T19:15:19","date_gmt":"2009-07-27T18:15:19","guid":{"rendered":"http:\/\/www.ticmais.pt\/?p=1900"},"modified":"2009-07-27T19:15:19","modified_gmt":"2009-07-27T18:15:19","slug":"ue-vai-alargar-o-espectro-para-servicos-moveis-novos-e-mais-rapidos","status":"publish","type":"post","link":"https:\/\/www.ticmais.pt\/?p=1900","title":{"rendered":"UE vai alargar o espectro para servi\u00e7os m\u00f3veis novos e mais r\u00e1pidos"},"content":{"rendered":"<table style=\"width: 100%;\" border=\"0\" cellspacing=\"5\" cellpadding=\"5\" align=\"justify\">\n<tbody>\n<tr>\n<td width=\"160\" valign=\"top\">\n<p align=\"justify\"><img decoding=\"async\" src=\"\/\/www.ticmais.pt\/ticmais\/imagens\/UE%20vai%20alargar%20o%20espectro%20para%20servicos%20moveis%20novos%20e%20mais%20rapidos.jpg\" alt=\"\" \/><\/p>\n<\/td>\n<td valign=\"top\">\n<p align=\"justify\">A Comiss\u00e3o Europeia vai alargar o espectro radioel\u00e9ctrico para modernizar os servi\u00e7os m\u00f3veis, permitindo a utiliza\u00e7\u00e3o da faixa de 900 MHz para o fornecimento de servi\u00e7os pan-europeus mais r\u00e1pidos. <a href=\"http:\/\/sol.sapo.pt\/PaginaInicial\/Tecnologia\/Interior.aspx?content_id=143388\" target=\"_blank\">Mais&#8230;<\/a><\/p>\n<\/td>\n<\/tr>\n<\/tbody>\n<\/table>\n<p><br class=\"spacer_\" \/><\/p>\n","protected":false},"excerpt":{"rendered":"<p>A Comiss\u00e3o Europeia vai alargar o espectro radioel\u00e9ctrico para modernizar os servi\u00e7os m\u00f3veis, permitindo a utiliza\u00e7\u00e3o da faixa de 900 MHz para o fornecimento de servi\u00e7os pan-europeus mais r\u00e1pidos. Mais&#8230;<\/p>\n","protected":false},"author":1,"featured_media":0,"comment_status":"closed","ping_status":"closed","sticky":false,"template":"","format":"standard","meta":{"footnotes":""},"categories":[15],"tags":[86,35,378],"class_list":["post-1900","post","type-post","status-publish","format-standard","hentry","category-tic-mais","tag-redes","tag-telecomunicacoes","tag-unia"],"_links":{"self":[{"href":"https:\/\/www.ticmais.pt\/index.php?rest_route=\/wp\/v2\/posts\/1900","targetHints":{"allow":["GET"]}}],"collection":[{"href":"https:\/\/www.ticmais.pt\/index.php?rest_route=\/wp\/v2\/posts"}],"about":[{"href":"https:\/\/www.ticmais.pt\/index.php?rest_route=\/wp\/v2\/types\/post"}],"author":[{"embeddable":true,"href":"https:\/\/www.ticmais.pt\/index.php?rest_route=\/wp\/v2\/users\/1"}],"replies":[{"embeddable":true,"href":"https:\/\/www.ticmais.pt\/index.php?rest_route=%2Fwp%2Fv2%2Fcomments&post=1900"}],"version-history":[{"count":0,"href":"https:\/\/www.ticmais.pt\/index.php?rest_route=\/wp\/v2\/posts\/1900\/revisions"}],"wp:attachment":[{"href":"https:\/\/www.ticmais.pt\/index.php?rest_route=%2Fwp%2Fv2%2Fmedia&parent=1900"}],"wp:term":[{"taxonomy":"category","embeddable":true,"href":"https:\/\/www.ticmais.pt\/index.php?rest_route=%2Fwp%2Fv2%2Fcategories&post=1900"},{"taxonomy":"post_tag","embeddable":true,"href":"https:\/\/www.ticmais.pt\/index.php?rest_route=%2Fwp%2Fv2%2Ftags&post=1900"}],"curies":[{"name":"wp","href":"https:\/\/api.w.org\/{rel}","templated":true}]}}