{"id":1905,"date":"2009-07-30T02:47:18","date_gmt":"2009-07-30T01:47:18","guid":{"rendered":"http:\/\/www.ticmais.pt\/?p=1905"},"modified":"2009-07-30T02:47:18","modified_gmt":"2009-07-30T01:47:18","slug":"magalhaes-nao-esta-generalizado-dizem-pais-e-professores","status":"publish","type":"post","link":"https:\/\/www.ticmais.pt\/?p=1905","title":{"rendered":"Magalh\u00e3es n\u00e3o est\u00e1 generalizado, dizem pais e professores"},"content":{"rendered":"<table style=\"width: 100%;\" border=\"0\" cellspacing=\"5\" cellpadding=\"5\" align=\"justify\">\n<tbody>\n<tr>\n<td width=\"160\" valign=\"top\">\n<p align=\"justify\"><img decoding=\"async\" src=\"\/\/www.ticmais.pt\/ticmais\/imagens\/Comissao%20Europeia%20considera%20Magalhaes%20ilegal.jpg\" alt=\"\" \/><\/p>\n<\/td>\n<td valign=\"top\">\n<p style=\"text-align: justify;\">O Magalh\u00e3es chegou este ano \u00e0 quase totalidade das crian\u00e7as do primeiro ciclo, mas, segundo pais e professores contactados pela Lusa, ainda n\u00e3o teve uso generalizado nas escolas e est\u00e1 longe de vencer o combate \u00e0s desigualdades. <a href=\"http:\/\/dn.sapo.pt\/inicio\/portugal\/interior.aspx?content_id=1320530\" target=\"_blank\">Mais&#8230;<\/a><\/p>\n<p style=\"text-align: justify;\">Not\u00edcias relacionadas:<br \/>\n<a href=\"http:\/\/www.ticmais.pt\/?p=541\">O computador \u2018Magalh\u00e3es\u2019 e o \u2018Cabo das Tormentas\u2019<\/a><\/p>\n<\/td>\n<\/tr>\n<\/tbody>\n<\/table>\n<p><br class=\"spacer_\" \/><\/p>\n","protected":false},"excerpt":{"rendered":"<p>O Magalh\u00e3es chegou este ano \u00e0 quase totalidade das crian\u00e7as do primeiro ciclo, mas, segundo pais e professores contactados pela Lusa, ainda n\u00e3o teve uso generalizado nas escolas e est\u00e1 longe de vencer o combate \u00e0s desigualdades. Mais&#8230; Not\u00edcias relacionadas: O computador \u2018Magalh\u00e3es\u2019 e o \u2018Cabo das Tormentas\u2019<\/p>\n","protected":false},"author":1,"featured_media":0,"comment_status":"closed","ping_status":"closed","sticky":false,"template":"","format":"standard","meta":{"footnotes":""},"categories":[15],"tags":[63,20,64,18,143],"class_list":["post-1905","post","type-post","status-publish","format-standard","hentry","category-tic-mais","tag-e-escolinha","tag-ensino","tag-magalhaes","tag-plano-tecnologico","tag-professores"],"_links":{"self":[{"href":"https:\/\/www.ticmais.pt\/index.php?rest_route=\/wp\/v2\/posts\/1905","targetHints":{"allow":["GET"]}}],"collection":[{"href":"https:\/\/www.ticmais.pt\/index.php?rest_route=\/wp\/v2\/posts"}],"about":[{"href":"https:\/\/www.ticmais.pt\/index.php?rest_route=\/wp\/v2\/types\/post"}],"author":[{"embeddable":true,"href":"https:\/\/www.ticmais.pt\/index.php?rest_route=\/wp\/v2\/users\/1"}],"replies":[{"embeddable":true,"href":"https:\/\/www.ticmais.pt\/index.php?rest_route=%2Fwp%2Fv2%2Fcomments&post=1905"}],"version-history":[{"count":0,"href":"https:\/\/www.ticmais.pt\/index.php?rest_route=\/wp\/v2\/posts\/1905\/revisions"}],"wp:attachment":[{"href":"https:\/\/www.ticmais.pt\/index.php?rest_route=%2Fwp%2Fv2%2Fmedia&parent=1905"}],"wp:term":[{"taxonomy":"category","embeddable":true,"href":"https:\/\/www.ticmais.pt\/index.php?rest_route=%2Fwp%2Fv2%2Fcategories&post=1905"},{"taxonomy":"post_tag","embeddable":true,"href":"https:\/\/www.ticmais.pt\/index.php?rest_route=%2Fwp%2Fv2%2Ftags&post=1905"}],"curies":[{"name":"wp","href":"https:\/\/api.w.org\/{rel}","templated":true}]}}