{"id":1917,"date":"2009-08-04T22:09:43","date_gmt":"2009-08-04T21:09:43","guid":{"rendered":"http:\/\/www.ticmais.pt\/?p=1917"},"modified":"2009-08-04T22:09:43","modified_gmt":"2009-08-04T21:09:43","slug":"portugueses-entre-os-que-menos-utilizam-a-internet","status":"publish","type":"post","link":"https:\/\/www.ticmais.pt\/?p=1917","title":{"rendered":"Portugueses entre os que menos utilizam a Internet"},"content":{"rendered":"<table style=\"width: 100%;\" border=\"0\" cellspacing=\"5\" cellpadding=\"5\" align=\"justify\">\n<tbody>\n<tr>\n<td width=\"160\" valign=\"top\">\n<p align=\"justify\"><img decoding=\"async\" src=\"\/\/www.ticmais.pt\/ticmais\/imagens\/Portugueses%20entre%20os%20que%20menos%20utilizam%20a%20Internet.jpg\" alt=\"\" \/><\/p>\n<\/td>\n<td valign=\"top\">\n<p style=\"text-align: justify;\">Portugal est\u00e1 entre os pa\u00edses europeus que menos utilizam a Internet, segundo um estudo da Comiss\u00e3o Europeia, divulgado esta ter\u00e7a-feira.\u00a0\u00a0<a href=\"http:\/\/tek.sapo.pt\/noticias\/internet\/portugueses_entre_os_que_menos_utilizam_a_int_1010255.html\" target=\"_blank\">Mais&#8230;<\/a><\/p>\n<\/td>\n<\/tr>\n<\/tbody>\n<\/table>\n<p><br class=\"spacer_\" \/><\/p>\n","protected":false},"excerpt":{"rendered":"<p>Portugal est\u00e1 entre os pa\u00edses europeus que menos utilizam a Internet, segundo um estudo da Comiss\u00e3o Europeia, divulgado esta ter\u00e7a-feira.\u00a0\u00a0Mais&#8230;<\/p>\n","protected":false},"author":1,"featured_media":0,"comment_status":"closed","ping_status":"closed","sticky":false,"template":"","format":"standard","meta":{"footnotes":""},"categories":[15],"tags":[8,34,132,99],"class_list":["post-1917","post","type-post","status-publish","format-standard","hentry","category-tic-mais","tag-inclusao-digital","tag-internet","tag-portugal","tag-uniao-europeia"],"_links":{"self":[{"href":"https:\/\/www.ticmais.pt\/index.php?rest_route=\/wp\/v2\/posts\/1917","targetHints":{"allow":["GET"]}}],"collection":[{"href":"https:\/\/www.ticmais.pt\/index.php?rest_route=\/wp\/v2\/posts"}],"about":[{"href":"https:\/\/www.ticmais.pt\/index.php?rest_route=\/wp\/v2\/types\/post"}],"author":[{"embeddable":true,"href":"https:\/\/www.ticmais.pt\/index.php?rest_route=\/wp\/v2\/users\/1"}],"replies":[{"embeddable":true,"href":"https:\/\/www.ticmais.pt\/index.php?rest_route=%2Fwp%2Fv2%2Fcomments&post=1917"}],"version-history":[{"count":0,"href":"https:\/\/www.ticmais.pt\/index.php?rest_route=\/wp\/v2\/posts\/1917\/revisions"}],"wp:attachment":[{"href":"https:\/\/www.ticmais.pt\/index.php?rest_route=%2Fwp%2Fv2%2Fmedia&parent=1917"}],"wp:term":[{"taxonomy":"category","embeddable":true,"href":"https:\/\/www.ticmais.pt\/index.php?rest_route=%2Fwp%2Fv2%2Fcategories&post=1917"},{"taxonomy":"post_tag","embeddable":true,"href":"https:\/\/www.ticmais.pt\/index.php?rest_route=%2Fwp%2Fv2%2Ftags&post=1917"}],"curies":[{"name":"wp","href":"https:\/\/api.w.org\/{rel}","templated":true}]}}