{"id":1920,"date":"2009-08-06T03:38:10","date_gmt":"2009-08-06T03:38:10","guid":{"rendered":"http:\/\/www.ticmais.pt\/?p=1920"},"modified":"2021-05-02T21:07:28","modified_gmt":"2021-05-02T20:07:28","slug":"mais-cidadania-mais-democracia-2","status":"publish","type":"post","link":"https:\/\/www.ticmais.pt\/?p=1920","title":{"rendered":"Mais cidadania! Mais democracia!"},"content":{"rendered":"<table style=\"width: 100%;\" border=\"0\" cellspacing=\"5\" cellpadding=\"5\" align=\"justify\">\n<tbody>\n<tr>\n<td valign=\"top\" width=\"160\"><img decoding=\"async\" src=\"\/\/www.ticmais.pt\/ticmais\/imagens\/Mais%20cidadania%20Mais%20democracia.png\" alt=\"\" \/><\/td>\n<td valign=\"top\">\n<p style=\"text-align: justify;\">Seria interessante que a C\u00e2mara Municipal de Coruche seguisse o exemplo de outras autarquias e promovesse iniciativas do tipo \u201cOr\u00e7amento\/Plano Participativo\u201d, atrav\u00e9s das quais os habitantes do concelho pudessem apresentar propostas a incluir nesses documentos em formul\u00e1rios on-line, de modo estimular a cidadania participativa, envolvendo os cidad\u00e3os.<\/p>\n<p><a href=\"http:\/\/www.ticmais.pt\/?p=1234\"><img decoding=\"async\" src=\"\/\/www.ticmais.pt\/ticmais\/imagens\/ticmaislogomini.png\" alt=\"\" \/><\/a><\/td>\n<\/tr>\n<\/tbody>\n<\/table>\n<div><!--more--><\/div>\n<table style=\"width: 100%;\" border=\"0\" cellspacing=\"5\" cellpadding=\"5\" align=\"justify\">\n<tbody>\n<tr>\n<td valign=\"top\">Mas n\u00e3o, a autarquia de Coruche, pelo contr\u00e1rio, vem aprovando estes documentos (menosprezando esses ou outros instrumentos inovadores) em sess\u00f5es privadas, sem acesso do p\u00fablico, demonstrando uma evidente falta de condi\u00e7\u00f5es e de sensibilidade para promover uma efectiva participa\u00e7\u00e3o de cidadania.<\/p>\n<div style=\"text-align: justify;\">Hoje todos se socorrem das TICs para ajudar na\u00a0sua elei\u00e7\u00e3o e fazem-se fotografar tendo os computadores como primeiro\u00a0plano. No entanto, poucos s\u00e3o aqueles que utilizam esses meios\u00a0e os promovem depois da elei\u00e7\u00e3o, de modo a refor\u00e7ar a rela\u00e7\u00e3o entre eleitos e eleitores, combater a infoexclus\u00e3o e simplificar a vida aos seus concidad\u00e3os.<\/div>\n<div style=\"text-align: justify;\">Pedir contributos e participa\u00e7\u00e3o para os Programas Eleitorais e depois de se ser eleito, durante os mandatos, descurar essa forma participa\u00e7\u00e3o, demonstra\u00a0 bem que n\u00e3o bate a bota com a perdigota.<\/div>\n<div><span style=\"color: #ffffff;\">.<\/span><\/div>\n<div style=\"text-align: justify;\">A infoexclus\u00e3o define uma nova forma de exclus\u00e3o, em que as dificuldades de acesso \u00e0s Tecnologias de Informa\u00e7\u00e3o e Comunica\u00e7\u00e3o (TIC) aumentam entre determinadas camadas da popula\u00e7\u00e3o. O conhecimento das novas tecnologias assume, em si mesmo, uma nova forma de inclus\u00e3o social, e que se tornou imprescind\u00edvel na adapta\u00e7\u00e3o \u00e0 sociedade sob diferentes formas.<\/div>\n<div><span style=\"color: #ffffff;\">.<\/span><\/div>\n<div style=\"text-align: justify;\">Se analisarmos o que se passa ao n\u00edvel do <a href=\"http:\/\/www.ticmais.pt\/?p=268\"><em>e-Government<\/em> Local<\/a>, verificamos que o uso da Internet no Munic\u00edpio de Coruche ainda se restringe, em grande parte, a uma \u201cmoderniza\u00e7\u00e3o conservadora\u201d e muitas das medidas j\u00e1 tomadas ainda s\u00e3o direccionadas para o seu funcionamento interno, n\u00e3o abertas \u00e0 comunidade, com um receio evidente de que se alterem as rela\u00e7\u00f5es de poder. S\u00e3o ainda bastante incipientes as iniciativas que permitem uma efectiva interven\u00e7\u00e3o dos cidad\u00e3os na sua gest\u00e3o e \u00e9 bastante baixo o n\u00edvel de interactividade.<\/div>\n<div><span style=\"color: #ffffff;\">.<\/span><\/div>\n<div style=\"text-align: justify;\">T\u00eam sido muitas as <a href=\"http:\/\/www.ticmais.pt\/?page_id=1249\">Sugest\u00f5es<\/a> que o TICMAIS tem feito neste dom\u00ednio ao longo dos \u00faltimos 3 anos, algumas muito f\u00e1ceis de implementar, mas em v\u00e3o.<\/div>\n<div><span style=\"color: #ffffff;\">.<\/span><\/div>\n<div style=\"text-align: justify;\">J\u00e1 l\u00e1 v\u00e3o praticamente\u00a03 anos desde que o TICMAIS iniciou este projecto com uma <a href=\"http:\/\/www.ticmais.pt\/?p=1231\">\u2018Carta Aberta \u00e0 C\u00e2mara Municipal de Coruche\u2019 <\/a>e os seus \u2018<a href=\"http:\/\/www.ticmais.pt\/?p=1229\">Fundamentos<\/a>\u2018. T\u00eam sido muitas as not\u00edcias, propostas, <a href=\"http:\/\/www.ticmais.pt\/?page_id=1249\">sugest\u00f5es<\/a> e os <a href=\"http:\/\/www.ticmais.pt\/?tag=egov\">exemplos de boas pr\u00e1ticas<\/a> que temos apresentado e desenvolvido, algumas muito f\u00e1ceis de implementar, mas o eco tem sido muito pouco.<\/div>\n<div><span style=\"color: #ffffff;\">.<\/span><\/div>\n<div>\u00c9 pena!<\/div>\n<div><span style=\"color: #ffffff;\">.<\/span><\/div>\n<div><strong>1\u00aa vers\u00e3o escrita em 2008.12.19<\/strong><\/div>\n<div><span style=\"color: #ffffff;\">.<\/span><\/div>\n<div><a href=\"https:\/\/www.ticmais.pt\/ticmais\/pdf\/2008.06.21.orcamento.participativo.pdf\"><strong>Sugest\u00e3o da Semana sobre o tema publicada no Jornal Mais Regi\u00e3o<\/strong><\/a><\/div>\n<\/td>\n<\/tr>\n<tr>\n<td><img decoding=\"async\" src=\"\/\/www.ticmais.pt\/ticmais\/imagens\/Coruche,Antonio Pinheiro da Costa,TicMAIS,Cantanhede,Cidadania, Movimento.png\" alt=\"\" \/><\/td>\n<\/tr>\n<tr>\n<td><a href=\"https:\/\/www.ticmais.pt\/\"><span style=\"color: #800000;\"><img decoding=\"async\" src=\"\/\/www.ticmais.pt\/ticmais\/imagens\/Coruche, TicMAIS, Antonio Pinheiro da Costa, Movimento de Cidadania, Cantanhede.png\" alt=\"\" \/><\/span><\/a><\/td>\n<\/tr>\n<tr>\n<td style=\"background-color: #e2dedf;\"><strong>Not\u00edcias relacionadas:<\/strong><br \/>\n<a href=\"http:\/\/www.ticmais.pt\/?p=1231\">Carta aberta \u00e0 C\u00e2mara Municipal de Coruche<\/a><br \/>\n<a href=\"http:\/\/www.ticmais.pt\/?p=523\">Coruche precisa de uma pol\u00edtica p\u00fablica de inclus\u00e3o digital e de banda larga a pre\u00e7os estreitos<\/a><br \/>\n<a href=\"http:\/\/www.ticmais.pt\/?p=268\">A\u00a0 C. M. de Coruche e o e-Government (Governo Electr\u00f3nico)<\/a><br \/>\n<a href=\"http:\/\/www.ticmais.pt\/?p=1802\">Para quando a 2\u00aa e 3\u00aa fases do projecto \u201cLez\u00edria em Rede\u201d?<\/a><br \/>\n<a href=\"http:\/\/www.ticmais.pt\/?p=1692\">E quando as palavras j\u00e1 foram todas gastas e a paci\u00eancia escasseia?!<\/a><br \/>\n<a href=\"http:\/\/www.ticmais.pt\/?p=541\">O computador \u2018Magalh\u00e3es\u2019 e o \u2018Cabo das Tormentas\u2019<\/a><br \/>\n<a href=\"http:\/\/www.ticmais.pt\/?p=556\">A Internet em Coruche teima em n\u00e3o melhorar<\/a><br \/>\n<a href=\"http:\/\/www.ticmais.pt\/?p=1232\">ticMAIS \u2013 a sociedade do conhecimento e os movimentos de cidadania<\/a><br \/>\n<a href=\"http:\/\/www.ticmais.pt\/?p=271\">C. M. de Coruche continua a apostar pouco na \u00e1rea das TIC<\/a><br \/>\n<a href=\"http:\/\/www.ticmais.pt\/?page_id=1249\">Sugest\u00f5es da Semana (Todas)<\/a><\/td>\n<\/tr>\n<\/tbody>\n<\/table>\n","protected":false},"excerpt":{"rendered":"<p>Seria interessante que a C\u00e2mara Municipal de Coruche seguisse o exemplo de outras autarquias e promovesse iniciativas do tipo \u201cOr\u00e7amento\/Plano Participativo\u201d, atrav\u00e9s das quais os habitantes do concelho pudessem apresentar propostas a incluir nesses documentos em formul\u00e1rios on-line, de modo estimular a cidadania participativa, envolvendo os cidad\u00e3os.<\/p>\n","protected":false},"author":1,"featured_media":0,"comment_status":"closed","ping_status":"closed","sticky":false,"template":"","format":"standard","meta":{"footnotes":""},"categories":[15],"tags":[2,178,3,4,5,6,191,25,7,157,22,9,10,11,12,192,18,13,19,28,16,390],"class_list":["post-1920","post","type-post","status-publish","format-standard","hentry","category-tic-mais","tag-antonio-pinheiro-da-costa","tag-autarquias","tag-camara-municipal-de-coruche","tag-cantanhede","tag-cidadania","tag-coruche","tag-democracia","tag-ecologia-e-desenvolvimento-sustentavel","tag-egov","tag-empreendedorismo","tag-inovacao","tag-modernizacao-administrativa","tag-movimentos-civicos","tag-movimento-de-cidadania","tag-municipios","tag-participacao-civica","tag-plano-tecnologico","tag-poder-local","tag-sociedade-do-conhecinentoda-informacao","tag-tecnologia","tag-ticmais","tag-transparencia"],"_links":{"self":[{"href":"https:\/\/www.ticmais.pt\/index.php?rest_route=\/wp\/v2\/posts\/1920","targetHints":{"allow":["GET"]}}],"collection":[{"href":"https:\/\/www.ticmais.pt\/index.php?rest_route=\/wp\/v2\/posts"}],"about":[{"href":"https:\/\/www.ticmais.pt\/index.php?rest_route=\/wp\/v2\/types\/post"}],"author":[{"embeddable":true,"href":"https:\/\/www.ticmais.pt\/index.php?rest_route=\/wp\/v2\/users\/1"}],"replies":[{"embeddable":true,"href":"https:\/\/www.ticmais.pt\/index.php?rest_route=%2Fwp%2Fv2%2Fcomments&post=1920"}],"version-history":[{"count":0,"href":"https:\/\/www.ticmais.pt\/index.php?rest_route=\/wp\/v2\/posts\/1920\/revisions"}],"wp:attachment":[{"href":"https:\/\/www.ticmais.pt\/index.php?rest_route=%2Fwp%2Fv2%2Fmedia&parent=1920"}],"wp:term":[{"taxonomy":"category","embeddable":true,"href":"https:\/\/www.ticmais.pt\/index.php?rest_route=%2Fwp%2Fv2%2Fcategories&post=1920"},{"taxonomy":"post_tag","embeddable":true,"href":"https:\/\/www.ticmais.pt\/index.php?rest_route=%2Fwp%2Fv2%2Ftags&post=1920"}],"curies":[{"name":"wp","href":"https:\/\/api.w.org\/{rel}","templated":true}]}}