{"id":1925,"date":"2009-08-08T00:23:25","date_gmt":"2009-08-07T23:23:25","guid":{"rendered":"http:\/\/www.ticmais.pt\/?p=1925"},"modified":"2009-08-08T00:23:25","modified_gmt":"2009-08-07T23:23:25","slug":"partilha-de-informacao-comunitaria","status":"publish","type":"post","link":"https:\/\/www.ticmais.pt\/?p=1925","title":{"rendered":"Partilha de informa\u00e7\u00e3o comunit\u00e1ria"},"content":{"rendered":"<table style=\"width: 100%;\" border=\"0\" cellspacing=\"5\" cellpadding=\"5\" align=\"justify\">\n<tbody>\n<tr>\n<td width=\"160\" valign=\"top\">\n<p align=\"justify\"><img decoding=\"async\" src=\"\/\/www.ticmais.pt\/ticmais\/imagens\/Partilha%20de%20informacao%20comunitaria.jpg\" alt=\"\" \/><\/p>\n<\/td>\n<td valign=\"top\">\n<p align=\"justify\">A livre circula\u00e7\u00e3o de bens e pessoas \u00e9 uma das grandes bandeiras da Uni\u00e3o Europeia, mas numa Europa a 27 as coisas n\u00e3o s\u00e3o assim t\u00e3o simples de resolver. Para melhorar a partilha de informa\u00e7\u00e3o entre os Estados Membros, a Comiss\u00e3o Europeia resolveu implementar o IMI, o Sistema de Informa\u00e7\u00e3o do Mercado Interno. <a href=\"http:\/\/www.i-gov.org\/index.php?article=11116&amp;visual=1\" target=\"_blank\">Mais&#8230;<\/a><\/p>\n<\/td>\n<\/tr>\n<\/tbody>\n<\/table>\n<p><br class=\"spacer_\" \/><\/p>\n","protected":false},"excerpt":{"rendered":"<p>A livre circula\u00e7\u00e3o de bens e pessoas \u00e9 uma das grandes bandeiras da Uni\u00e3o Europeia, mas numa Europa a 27 as coisas n\u00e3o s\u00e3o assim t\u00e3o simples de resolver. Para melhorar a partilha de informa\u00e7\u00e3o entre os Estados Membros, a Comiss\u00e3o Europeia resolveu implementar o IMI, o Sistema de Informa\u00e7\u00e3o do Mercado Interno. Mais&#8230;<\/p>\n","protected":false},"author":1,"featured_media":0,"comment_status":"closed","ping_status":"closed","sticky":false,"template":"","format":"standard","meta":{"footnotes":""},"categories":[15],"tags":[5,7,14,99],"class_list":["post-1925","post","type-post","status-publish","format-standard","hentry","category-tic-mais","tag-cidadania","tag-egov","tag-simplex","tag-uniao-europeia"],"_links":{"self":[{"href":"https:\/\/www.ticmais.pt\/index.php?rest_route=\/wp\/v2\/posts\/1925","targetHints":{"allow":["GET"]}}],"collection":[{"href":"https:\/\/www.ticmais.pt\/index.php?rest_route=\/wp\/v2\/posts"}],"about":[{"href":"https:\/\/www.ticmais.pt\/index.php?rest_route=\/wp\/v2\/types\/post"}],"author":[{"embeddable":true,"href":"https:\/\/www.ticmais.pt\/index.php?rest_route=\/wp\/v2\/users\/1"}],"replies":[{"embeddable":true,"href":"https:\/\/www.ticmais.pt\/index.php?rest_route=%2Fwp%2Fv2%2Fcomments&post=1925"}],"version-history":[{"count":0,"href":"https:\/\/www.ticmais.pt\/index.php?rest_route=\/wp\/v2\/posts\/1925\/revisions"}],"wp:attachment":[{"href":"https:\/\/www.ticmais.pt\/index.php?rest_route=%2Fwp%2Fv2%2Fmedia&parent=1925"}],"wp:term":[{"taxonomy":"category","embeddable":true,"href":"https:\/\/www.ticmais.pt\/index.php?rest_route=%2Fwp%2Fv2%2Fcategories&post=1925"},{"taxonomy":"post_tag","embeddable":true,"href":"https:\/\/www.ticmais.pt\/index.php?rest_route=%2Fwp%2Fv2%2Ftags&post=1925"}],"curies":[{"name":"wp","href":"https:\/\/api.w.org\/{rel}","templated":true}]}}