{"id":1928,"date":"2009-08-10T03:35:53","date_gmt":"2009-08-10T02:35:53","guid":{"rendered":"http:\/\/www.ticmais.pt\/?p=1928"},"modified":"2009-08-10T03:35:53","modified_gmt":"2009-08-10T02:35:53","slug":"video-floresta-solar-da-sombra-para-carros-electricos","status":"publish","type":"post","link":"https:\/\/www.ticmais.pt\/?p=1928","title":{"rendered":"V\u00eddeo: Floresta solar d\u00e1 sombra para carros el\u00e9ctricos"},"content":{"rendered":"<table style=\"width: 100%;\" border=\"0\" cellspacing=\"5\" cellpadding=\"5\" align=\"justify\">\n<tbody>\n<tr>\n<td width=\"160\" valign=\"top\">\n<p align=\"justify\"><img decoding=\"async\" src=\"\/\/www.ticmais.pt\/ticmais\/imagens\/Video%20Floresta%20solar%20da%20sombra%20para%20carros%20electricos%20.jpg\" alt=\"\" \/><\/p>\n<\/td>\n<td valign=\"top\">\n<p align=\"justify\">O projecto futurista do arquitecto e designer Neville Mars, intitulado Floresta Solar, n\u00e3o \u00e9 mais que um parque de estacionamento para carros el\u00e9ctricos. Ficam \u00e0 sombra, n\u00e3o das ramagens, mas dos pain\u00e9is solares, e podem recarregar as suas baterias no &#8220;tronco&#8221; das \u00e1rvores. <a href=\"http:\/\/aeiou.expresso.pt\/video-floresta-solar-da-sombra-para-carros-electricos=f529852\" target=\"_blank\">Mais&#8230;<\/a><\/p>\n<\/td>\n<\/tr>\n<\/tbody>\n<\/table>\n<p><br class=\"spacer_\" \/><\/p>\n","protected":false},"excerpt":{"rendered":"<p>O projecto futurista do arquitecto e designer Neville Mars, intitulado Floresta Solar, n\u00e3o \u00e9 mais que um parque de estacionamento para carros el\u00e9ctricos. Ficam \u00e0 sombra, n\u00e3o das ramagens, mas dos pain\u00e9is solares, e podem recarregar as suas baterias no &#8220;tronco&#8221; das \u00e1rvores. Mais&#8230;<\/p>\n","protected":false},"author":1,"featured_media":0,"comment_status":"closed","ping_status":"closed","sticky":false,"template":"","format":"standard","meta":{"footnotes":""},"categories":[15],"tags":[394,59],"class_list":["post-1928","post","type-post","status-publish","format-standard","hentry","category-tic-mais","tag-floresta-solar","tag-veiculos-electricos"],"_links":{"self":[{"href":"https:\/\/www.ticmais.pt\/index.php?rest_route=\/wp\/v2\/posts\/1928","targetHints":{"allow":["GET"]}}],"collection":[{"href":"https:\/\/www.ticmais.pt\/index.php?rest_route=\/wp\/v2\/posts"}],"about":[{"href":"https:\/\/www.ticmais.pt\/index.php?rest_route=\/wp\/v2\/types\/post"}],"author":[{"embeddable":true,"href":"https:\/\/www.ticmais.pt\/index.php?rest_route=\/wp\/v2\/users\/1"}],"replies":[{"embeddable":true,"href":"https:\/\/www.ticmais.pt\/index.php?rest_route=%2Fwp%2Fv2%2Fcomments&post=1928"}],"version-history":[{"count":0,"href":"https:\/\/www.ticmais.pt\/index.php?rest_route=\/wp\/v2\/posts\/1928\/revisions"}],"wp:attachment":[{"href":"https:\/\/www.ticmais.pt\/index.php?rest_route=%2Fwp%2Fv2%2Fmedia&parent=1928"}],"wp:term":[{"taxonomy":"category","embeddable":true,"href":"https:\/\/www.ticmais.pt\/index.php?rest_route=%2Fwp%2Fv2%2Fcategories&post=1928"},{"taxonomy":"post_tag","embeddable":true,"href":"https:\/\/www.ticmais.pt\/index.php?rest_route=%2Fwp%2Fv2%2Ftags&post=1928"}],"curies":[{"name":"wp","href":"https:\/\/api.w.org\/{rel}","templated":true}]}}