{"id":1931,"date":"2009-08-12T00:17:24","date_gmt":"2009-08-11T23:17:24","guid":{"rendered":"http:\/\/www.ticmais.pt\/?p=1931"},"modified":"2009-08-12T00:17:24","modified_gmt":"2009-08-11T23:17:24","slug":"evora-multiplicou-cliques-para-a-inclusao","status":"publish","type":"post","link":"https:\/\/www.ticmais.pt\/?p=1931","title":{"rendered":"\u00c9vora multiplicou Cliques para a Inclus\u00e3o"},"content":{"rendered":"<table style=\"width: 100%;\" border=\"0\" cellspacing=\"5\" cellpadding=\"5\" align=\"justify\">\n<tbody>\n<tr>\n<td width=\"160\" valign=\"top\">\n<p align=\"justify\"><img decoding=\"async\" src=\"\/\/www.ticmais.pt\/ticmais\/imagens\/Evora%20multiplicou%20Cliques%20para%20a%20Inclusao.jpg\" alt=\"\" \/><\/p>\n<\/td>\n<td valign=\"top\">\n<p align=\"justify\">Divulgar a utiliza\u00e7\u00e3o das novas tecnologias de informa\u00e7\u00e3o e comunica\u00e7\u00e3o enquanto ferramentas para interven\u00e7\u00e3o social foi o objectivo que guiou o programa CLIQUES para a Inclus\u00e3o, promovido pela Associa\u00e7\u00e3o de Munic\u00edpios do Distrito de \u00c9vora (AMDE), entre Agosto de 2008 e Mar\u00e7o de 2009. <a href=\"http:\/\/www.i-gov.org\/index.php?article=11042&amp;visual=2\" target=\"_blank\">Mais&#8230; <\/a><\/p>\n<\/td>\n<\/tr>\n<\/tbody>\n<\/table>\n<p><br class=\"spacer_\" \/><\/p>\n","protected":false},"excerpt":{"rendered":"<p>Divulgar a utiliza\u00e7\u00e3o das novas tecnologias de informa\u00e7\u00e3o e comunica\u00e7\u00e3o enquanto ferramentas para interven\u00e7\u00e3o social foi o objectivo que guiou o programa CLIQUES para a Inclus\u00e3o, promovido pela Associa\u00e7\u00e3o de Munic\u00edpios do Distrito de \u00c9vora (AMDE), entre Agosto de 2008 e Mar\u00e7o de 2009. Mais&#8230;<\/p>\n","protected":false},"author":1,"featured_media":0,"comment_status":"closed","ping_status":"closed","sticky":false,"template":"","format":"standard","meta":{"footnotes":""},"categories":[15],"tags":[8,19,363],"class_list":["post-1931","post","type-post","status-publish","format-standard","hentry","category-tic-mais","tag-inclusao-digital","tag-sociedade-do-conhecinentoda-informacao","tag-tic"],"_links":{"self":[{"href":"https:\/\/www.ticmais.pt\/index.php?rest_route=\/wp\/v2\/posts\/1931","targetHints":{"allow":["GET"]}}],"collection":[{"href":"https:\/\/www.ticmais.pt\/index.php?rest_route=\/wp\/v2\/posts"}],"about":[{"href":"https:\/\/www.ticmais.pt\/index.php?rest_route=\/wp\/v2\/types\/post"}],"author":[{"embeddable":true,"href":"https:\/\/www.ticmais.pt\/index.php?rest_route=\/wp\/v2\/users\/1"}],"replies":[{"embeddable":true,"href":"https:\/\/www.ticmais.pt\/index.php?rest_route=%2Fwp%2Fv2%2Fcomments&post=1931"}],"version-history":[{"count":0,"href":"https:\/\/www.ticmais.pt\/index.php?rest_route=\/wp\/v2\/posts\/1931\/revisions"}],"wp:attachment":[{"href":"https:\/\/www.ticmais.pt\/index.php?rest_route=%2Fwp%2Fv2%2Fmedia&parent=1931"}],"wp:term":[{"taxonomy":"category","embeddable":true,"href":"https:\/\/www.ticmais.pt\/index.php?rest_route=%2Fwp%2Fv2%2Fcategories&post=1931"},{"taxonomy":"post_tag","embeddable":true,"href":"https:\/\/www.ticmais.pt\/index.php?rest_route=%2Fwp%2Fv2%2Ftags&post=1931"}],"curies":[{"name":"wp","href":"https:\/\/api.w.org\/{rel}","templated":true}]}}