{"id":1965,"date":"2009-09-03T02:03:54","date_gmt":"2009-09-03T01:03:54","guid":{"rendered":"http:\/\/www.ticmais.pt\/?p=1965"},"modified":"2009-09-03T02:03:54","modified_gmt":"2009-09-03T01:03:54","slug":"yikebike-bicicleta-de-fibra-de-carbono-do-seculo-21-e-dobravel-modernaca-e-util","status":"publish","type":"post","link":"https:\/\/www.ticmais.pt\/?p=1965","title":{"rendered":"YikeBike: bicicleta de fibra de carbono do s\u00e9culo 21 \u00e9 dobr\u00e1vel, moderna\u00e7a e \u00fatil"},"content":{"rendered":"<table style=\"width: 100%;\" border=\"0\" cellspacing=\"5\" cellpadding=\"5\" align=\"justify\">\n<tbody>\n<tr>\n<td width=\"160\" valign=\"top\">\n<p align=\"justify\"><img decoding=\"async\" src=\"\/\/www.ticmais.pt\/ticmais\/imagens\/YikeBike%20bicicleta%20de%20fibra%20de%20carbono%20do%20seculo%2021%20e%20dobravel%20modernaca%20e%20util.png\" alt=\"\" \/><\/p>\n<\/td>\n<td valign=\"top\">\n<p style=\"text-align: justify;\">Esta coisa estranha \u00e9 uma bicicleta com motor el\u00e9ctrico, dobr\u00e1vel, feita de fibra de carbono, chamada YikeBike. Ela \u00e9 real, se desdobra em 15 segundos e tem dois desejos: acabar com o dilema da mobilidade urbana tornar-se o novo brinquedo favorito de Steve Wozniak. <a href=\"http:\/\/www.gizmodo.com.br\/conteudo\/yikebike-bicicleta-de-fibra-de-carbono-do-seculo-21-e-dobravel-modernosa-e-util\" target=\"_blank\">Mais&#8230;<\/a><\/p>\n<\/td>\n<\/tr>\n<\/tbody>\n<\/table>\n<p><br class=\"spacer_\" \/><\/p>\n","protected":false},"excerpt":{"rendered":"<p>Esta coisa estranha \u00e9 uma bicicleta com motor el\u00e9ctrico, dobr\u00e1vel, feita de fibra de carbono, chamada YikeBike. Ela \u00e9 real, se desdobra em 15 segundos e tem dois desejos: acabar com o dilema da mobilidade urbana tornar-se o novo brinquedo favorito de Steve Wozniak. Mais&#8230;<\/p>\n","protected":false},"author":1,"featured_media":0,"comment_status":"closed","ping_status":"closed","sticky":false,"template":"","format":"standard","meta":{"footnotes":""},"categories":[15],"tags":[202,113],"class_list":["post-1965","post","type-post","status-publish","format-standard","hentry","category-tic-mais","tag-mobilidade","tag-transportes"],"_links":{"self":[{"href":"https:\/\/www.ticmais.pt\/index.php?rest_route=\/wp\/v2\/posts\/1965","targetHints":{"allow":["GET"]}}],"collection":[{"href":"https:\/\/www.ticmais.pt\/index.php?rest_route=\/wp\/v2\/posts"}],"about":[{"href":"https:\/\/www.ticmais.pt\/index.php?rest_route=\/wp\/v2\/types\/post"}],"author":[{"embeddable":true,"href":"https:\/\/www.ticmais.pt\/index.php?rest_route=\/wp\/v2\/users\/1"}],"replies":[{"embeddable":true,"href":"https:\/\/www.ticmais.pt\/index.php?rest_route=%2Fwp%2Fv2%2Fcomments&post=1965"}],"version-history":[{"count":0,"href":"https:\/\/www.ticmais.pt\/index.php?rest_route=\/wp\/v2\/posts\/1965\/revisions"}],"wp:attachment":[{"href":"https:\/\/www.ticmais.pt\/index.php?rest_route=%2Fwp%2Fv2%2Fmedia&parent=1965"}],"wp:term":[{"taxonomy":"category","embeddable":true,"href":"https:\/\/www.ticmais.pt\/index.php?rest_route=%2Fwp%2Fv2%2Fcategories&post=1965"},{"taxonomy":"post_tag","embeddable":true,"href":"https:\/\/www.ticmais.pt\/index.php?rest_route=%2Fwp%2Fv2%2Ftags&post=1965"}],"curies":[{"name":"wp","href":"https:\/\/api.w.org\/{rel}","templated":true}]}}