{"id":1967,"date":"2009-09-03T19:24:28","date_gmt":"2009-09-03T18:24:28","guid":{"rendered":"http:\/\/www.ticmais.pt\/?p=1967"},"modified":"2009-09-03T19:24:28","modified_gmt":"2009-09-03T18:24:28","slug":"phone-ix-vai-ter-banda-larga-movel","status":"publish","type":"post","link":"https:\/\/www.ticmais.pt\/?p=1967","title":{"rendered":"Phone-ix vai ter banda larga m\u00f3vel"},"content":{"rendered":"<table style=\"width: 100%;\" border=\"0\" cellspacing=\"5\" cellpadding=\"5\" align=\"justify\">\n<tbody>\n<tr>\n<td width=\"160\" valign=\"top\">\n<p align=\"justify\"><img decoding=\"async\" src=\"\/\/www.ticmais.pt\/ticmais\/imagens\/Phone%20ix%20vai%20ter%20banda%20larga%20movel.png\" alt=\"\" \/><\/p>\n<\/td>\n<td valign=\"top\">\n<p align=\"justify\">Os CTT est\u00e3o a planear o lan\u00e7amento de uma oferta de banda larga m\u00f3vel para breve, inserida no leque de servi\u00e7os do seu operador m\u00f3vel virtual, o Phone-ix. <a href=\"http:\/\/tek.sapo.pt\/noticias\/telecomunicacoes\/phone_ix_vai_ter_banda_larga_movel_1015842.html\" target=\"_blank\">Mais&#8230;<\/a>\u00a0<br \/>\n\u00a0<\/p>\n<\/td>\n<\/tr>\n<\/tbody>\n<\/table>\n<p><br class=\"spacer_\" \/><\/p>\n","protected":false},"excerpt":{"rendered":"<p>Os CTT est\u00e3o a planear o lan\u00e7amento de uma oferta de banda larga m\u00f3vel para breve, inserida no leque de servi\u00e7os do seu operador m\u00f3vel virtual, o Phone-ix. Mais&#8230;\u00a0 \u00a0<\/p>\n","protected":false},"author":1,"featured_media":0,"comment_status":"closed","ping_status":"closed","sticky":false,"template":"","format":"standard","meta":{"footnotes":""},"categories":[15],"tags":[34,407,35],"class_list":["post-1967","post","type-post","status-publish","format-standard","hentry","category-tic-mais","tag-internet","tag-phone-ix","tag-telecomunicacoes"],"_links":{"self":[{"href":"https:\/\/www.ticmais.pt\/index.php?rest_route=\/wp\/v2\/posts\/1967","targetHints":{"allow":["GET"]}}],"collection":[{"href":"https:\/\/www.ticmais.pt\/index.php?rest_route=\/wp\/v2\/posts"}],"about":[{"href":"https:\/\/www.ticmais.pt\/index.php?rest_route=\/wp\/v2\/types\/post"}],"author":[{"embeddable":true,"href":"https:\/\/www.ticmais.pt\/index.php?rest_route=\/wp\/v2\/users\/1"}],"replies":[{"embeddable":true,"href":"https:\/\/www.ticmais.pt\/index.php?rest_route=%2Fwp%2Fv2%2Fcomments&post=1967"}],"version-history":[{"count":0,"href":"https:\/\/www.ticmais.pt\/index.php?rest_route=\/wp\/v2\/posts\/1967\/revisions"}],"wp:attachment":[{"href":"https:\/\/www.ticmais.pt\/index.php?rest_route=%2Fwp%2Fv2%2Fmedia&parent=1967"}],"wp:term":[{"taxonomy":"category","embeddable":true,"href":"https:\/\/www.ticmais.pt\/index.php?rest_route=%2Fwp%2Fv2%2Fcategories&post=1967"},{"taxonomy":"post_tag","embeddable":true,"href":"https:\/\/www.ticmais.pt\/index.php?rest_route=%2Fwp%2Fv2%2Ftags&post=1967"}],"curies":[{"name":"wp","href":"https:\/\/api.w.org\/{rel}","templated":true}]}}