{"id":1972,"date":"2009-09-06T23:17:42","date_gmt":"2009-09-06T22:17:42","guid":{"rendered":"http:\/\/www.ticmais.pt\/?p=1972"},"modified":"2009-09-06T23:17:42","modified_gmt":"2009-09-06T22:17:42","slug":"electricidade-vinda-do-espaco-vai-chegar-as-nossas-casas","status":"publish","type":"post","link":"https:\/\/www.ticmais.pt\/?p=1972","title":{"rendered":"Electricidade vinda do Espa\u00e7o vai chegar \u00e0s nossas casas"},"content":{"rendered":"<table style=\"width: 100%;\" border=\"0\" cellspacing=\"5\" cellpadding=\"5\" align=\"justify\">\n<tbody>\n<tr>\n<td width=\"160\" valign=\"top\">\n<p align=\"justify\"><img decoding=\"async\" src=\"\/\/www.ticmais.pt\/ticmais\/imagens\/Electricidade%20vinda%20do%20Espaco%20vai%20chegar%20as%20nossas%20casas.jpg\" alt=\"\" \/><\/p>\n<\/td>\n<td valign=\"top\">\n<p align=\"justify\">Cientistas de v\u00e1rios pa\u00edses europeus, Am\u00e9rica e Jap\u00e3o prometem energia el\u00e9ctrica produzida a milhares de quil\u00f3metros de altitude, a partir da luz solar.<\/p>\n<p align=\"justify\">\u00a0\u00a0<a href=\"http:\/\/aeiou.expresso.pt\/electricidade-vinda-do-espaco-vai-chegar-as-nossas-casas=f533881\" target=\"_blank\"><img decoding=\"async\" src=\"\/\/www.ticmais.pt\/ticmais\/imagens\/Ver%20pequeno%201.png\" alt=\"\" \/><\/a>\u00a0\u00a0\u00a0\u00a0\u00a0\u00a0\u00a0\u00a0\u00a0\u00a0\u00a0\u00a0\u00a0\u00a0<\/p>\n<\/td>\n<\/tr>\n<\/tbody>\n<\/table>\n<p><br class=\"spacer_\" \/><\/p>\n","protected":false},"excerpt":{"rendered":"<p>Cientistas de v\u00e1rios pa\u00edses europeus, Am\u00e9rica e Jap\u00e3o prometem energia el\u00e9ctrica produzida a milhares de quil\u00f3metros de altitude, a partir da luz solar. \u00a0\u00a0\u00a0\u00a0\u00a0\u00a0\u00a0\u00a0\u00a0\u00a0\u00a0\u00a0\u00a0\u00a0\u00a0\u00a0<\/p>\n","protected":false},"author":1,"featured_media":0,"comment_status":"closed","ping_status":"closed","sticky":false,"template":"","format":"standard","meta":{"footnotes":""},"categories":[15],"tags":[53,38],"class_list":["post-1972","post","type-post","status-publish","format-standard","hentry","category-tic-mais","tag-eficiencia-energetica","tag-energia-solar"],"_links":{"self":[{"href":"https:\/\/www.ticmais.pt\/index.php?rest_route=\/wp\/v2\/posts\/1972","targetHints":{"allow":["GET"]}}],"collection":[{"href":"https:\/\/www.ticmais.pt\/index.php?rest_route=\/wp\/v2\/posts"}],"about":[{"href":"https:\/\/www.ticmais.pt\/index.php?rest_route=\/wp\/v2\/types\/post"}],"author":[{"embeddable":true,"href":"https:\/\/www.ticmais.pt\/index.php?rest_route=\/wp\/v2\/users\/1"}],"replies":[{"embeddable":true,"href":"https:\/\/www.ticmais.pt\/index.php?rest_route=%2Fwp%2Fv2%2Fcomments&post=1972"}],"version-history":[{"count":0,"href":"https:\/\/www.ticmais.pt\/index.php?rest_route=\/wp\/v2\/posts\/1972\/revisions"}],"wp:attachment":[{"href":"https:\/\/www.ticmais.pt\/index.php?rest_route=%2Fwp%2Fv2%2Fmedia&parent=1972"}],"wp:term":[{"taxonomy":"category","embeddable":true,"href":"https:\/\/www.ticmais.pt\/index.php?rest_route=%2Fwp%2Fv2%2Fcategories&post=1972"},{"taxonomy":"post_tag","embeddable":true,"href":"https:\/\/www.ticmais.pt\/index.php?rest_route=%2Fwp%2Fv2%2Ftags&post=1972"}],"curies":[{"name":"wp","href":"https:\/\/api.w.org\/{rel}","templated":true}]}}