{"id":1975,"date":"2009-09-09T00:45:31","date_gmt":"2009-09-08T23:45:31","guid":{"rendered":"http:\/\/www.ticmais.pt\/?p=1975"},"modified":"2009-09-09T00:45:31","modified_gmt":"2009-09-08T23:45:31","slug":"portugal-com-a-maior-taxa-de-abandono-escolar-da-ocde","status":"publish","type":"post","link":"https:\/\/www.ticmais.pt\/?p=1975","title":{"rendered":"Portugal com a maior taxa de abandono escolar da OCDE"},"content":{"rendered":"<table style=\"width: 100%;\" border=\"0\" cellspacing=\"5\" cellpadding=\"5\" align=\"justify\">\n<tbody>\n<tr>\n<td width=\"160\" valign=\"top\">\n<p align=\"justify\"><img decoding=\"async\" src=\"\/\/www.ticmais.pt\/ticmais\/imagens\/Portugal%20com%20a%20maior%20taxa%20de%20abandono%20escolar%20da%20OCDE.jpg\" alt=\"\" \/><\/p>\n<\/td>\n<td valign=\"top\">\n<p align=\"justify\">Os resultados do estudo \u00abPanorama da Educa\u00e7\u00e3o. Indicadores da OCDE\u00bb, relativos a 2007, s\u00e3o implac\u00e1veis. Ainda que tenham sido registadas melhorias, Portugal continua a apresentar factores preocupantes no que diz respeito \u00e0 educa\u00e7\u00e3o. Desde logo no que diz respeito \u00e0 taxa de abandono escolar. <a href=\"http:\/\/www.tvi24.iol.pt\/sociedade\/ocde-escola-educacao-estudo\/1087569-4071.html\" target=\"_blank\">Mais&#8230;<br \/>\n<\/a>\u00a0<\/p>\n<\/td>\n<\/tr>\n<\/tbody>\n<\/table>\n<p><br class=\"spacer_\" \/><\/p>\n","protected":false},"excerpt":{"rendered":"<p>Os resultados do estudo \u00abPanorama da Educa\u00e7\u00e3o. Indicadores da OCDE\u00bb, relativos a 2007, s\u00e3o implac\u00e1veis. Ainda que tenham sido registadas melhorias, Portugal continua a apresentar factores preocupantes no que diz respeito \u00e0 educa\u00e7\u00e3o. Desde logo no que diz respeito \u00e0 taxa de abandono escolar. Mais&#8230; \u00a0<\/p>\n","protected":false},"author":1,"featured_media":0,"comment_status":"closed","ping_status":"closed","sticky":false,"template":"","format":"standard","meta":{"footnotes":""},"categories":[15],"tags":[198,20,409,395,132],"class_list":["post-1975","post","type-post","status-publish","format-standard","hentry","category-tic-mais","tag-educacao","tag-ensino","tag-ocde","tag-politica","tag-portugal"],"_links":{"self":[{"href":"https:\/\/www.ticmais.pt\/index.php?rest_route=\/wp\/v2\/posts\/1975","targetHints":{"allow":["GET"]}}],"collection":[{"href":"https:\/\/www.ticmais.pt\/index.php?rest_route=\/wp\/v2\/posts"}],"about":[{"href":"https:\/\/www.ticmais.pt\/index.php?rest_route=\/wp\/v2\/types\/post"}],"author":[{"embeddable":true,"href":"https:\/\/www.ticmais.pt\/index.php?rest_route=\/wp\/v2\/users\/1"}],"replies":[{"embeddable":true,"href":"https:\/\/www.ticmais.pt\/index.php?rest_route=%2Fwp%2Fv2%2Fcomments&post=1975"}],"version-history":[{"count":0,"href":"https:\/\/www.ticmais.pt\/index.php?rest_route=\/wp\/v2\/posts\/1975\/revisions"}],"wp:attachment":[{"href":"https:\/\/www.ticmais.pt\/index.php?rest_route=%2Fwp%2Fv2%2Fmedia&parent=1975"}],"wp:term":[{"taxonomy":"category","embeddable":true,"href":"https:\/\/www.ticmais.pt\/index.php?rest_route=%2Fwp%2Fv2%2Fcategories&post=1975"},{"taxonomy":"post_tag","embeddable":true,"href":"https:\/\/www.ticmais.pt\/index.php?rest_route=%2Fwp%2Fv2%2Ftags&post=1975"}],"curies":[{"name":"wp","href":"https:\/\/api.w.org\/{rel}","templated":true}]}}