{"id":1992,"date":"2009-09-15T15:23:33","date_gmt":"2009-09-15T14:23:33","guid":{"rendered":"http:\/\/www.ticmais.pt\/?p=1992"},"modified":"2009-09-15T15:23:33","modified_gmt":"2009-09-15T14:23:33","slug":"vw-cria-happy-hour-para-vender-carros","status":"publish","type":"post","link":"https:\/\/www.ticmais.pt\/?p=1992","title":{"rendered":"VW cria &#8216;happy hour&#8217; para vender carros"},"content":{"rendered":"<table style=\"width: 100%;\" border=\"0\" cellspacing=\"5\" cellpadding=\"5\" align=\"justify\">\n<tbody>\n<tr>\n<td width=\"160\" valign=\"top\">\n<p align=\"justify\"><img decoding=\"async\" src=\"\/\/www.ticmais.pt\/ticmais\/imagens\/VW%20cria%20happy%20hour%20para%20vender%20carros.jpg\" alt=\"\" \/><\/p>\n<\/td>\n<td valign=\"top\">\n<p style=\"text-align: justify;\">A Volkswagen criou um site em Portugal para vender carros mais baratos do que o seu pre\u00e7o de mercado, como uma happy hour. A p\u00e1gina s\u00f3 funciona \u00e0s quintas-feiras \u00e0 noite. O mercado autom\u00f3vel portugu\u00eas continua em quebra, com menos 32% de carros vendidos entre Janeiro e Agosto. <a href=\"http:\/\/sol.sapo.pt\/PaginaInicial\/Economia\/Interior.aspx?content_id=147996\" target=\"_blank\">Mais&#8230;<\/a><\/p>\n<\/td>\n<\/tr>\n<\/tbody>\n<\/table>\n<p><br class=\"spacer_\" \/><\/p>\n","protected":false},"excerpt":{"rendered":"<p>A Volkswagen criou um site em Portugal para vender carros mais baratos do que o seu pre\u00e7o de mercado, como uma happy hour. A p\u00e1gina s\u00f3 funciona \u00e0s quintas-feiras \u00e0 noite. O mercado autom\u00f3vel portugu\u00eas continua em quebra, com menos 32% de carros vendidos entre Janeiro e Agosto. Mais&#8230;<\/p>\n","protected":false},"author":1,"featured_media":0,"comment_status":"closed","ping_status":"closed","sticky":false,"template":"","format":"standard","meta":{"footnotes":""},"categories":[15],"tags":[34,247,132,418],"class_list":["post-1992","post","type-post","status-publish","format-standard","hentry","category-tic-mais","tag-internet","tag-mercado-automovel","tag-portugal","tag-volkswagen"],"_links":{"self":[{"href":"https:\/\/www.ticmais.pt\/index.php?rest_route=\/wp\/v2\/posts\/1992","targetHints":{"allow":["GET"]}}],"collection":[{"href":"https:\/\/www.ticmais.pt\/index.php?rest_route=\/wp\/v2\/posts"}],"about":[{"href":"https:\/\/www.ticmais.pt\/index.php?rest_route=\/wp\/v2\/types\/post"}],"author":[{"embeddable":true,"href":"https:\/\/www.ticmais.pt\/index.php?rest_route=\/wp\/v2\/users\/1"}],"replies":[{"embeddable":true,"href":"https:\/\/www.ticmais.pt\/index.php?rest_route=%2Fwp%2Fv2%2Fcomments&post=1992"}],"version-history":[{"count":0,"href":"https:\/\/www.ticmais.pt\/index.php?rest_route=\/wp\/v2\/posts\/1992\/revisions"}],"wp:attachment":[{"href":"https:\/\/www.ticmais.pt\/index.php?rest_route=%2Fwp%2Fv2%2Fmedia&parent=1992"}],"wp:term":[{"taxonomy":"category","embeddable":true,"href":"https:\/\/www.ticmais.pt\/index.php?rest_route=%2Fwp%2Fv2%2Fcategories&post=1992"},{"taxonomy":"post_tag","embeddable":true,"href":"https:\/\/www.ticmais.pt\/index.php?rest_route=%2Fwp%2Fv2%2Ftags&post=1992"}],"curies":[{"name":"wp","href":"https:\/\/api.w.org\/{rel}","templated":true}]}}