{"id":1993,"date":"2009-09-16T17:34:47","date_gmt":"2009-09-16T16:34:47","guid":{"rendered":"http:\/\/www.ticmais.pt\/?p=1993"},"modified":"2009-09-16T17:34:47","modified_gmt":"2009-09-16T16:34:47","slug":"magalhaes-volta-a-dividir-partidos-politicos-em-debate-sobre-si","status":"publish","type":"post","link":"https:\/\/www.ticmais.pt\/?p=1993","title":{"rendered":"Partidos debatem Sociedade da Informa\u00e7\u00e3o"},"content":{"rendered":"<table style=\"width: 100%;\" border=\"0\" cellspacing=\"5\" cellpadding=\"5\" align=\"justify\">\n<tbody>\n<tr>\n<td width=\"160\" valign=\"top\">\n<p align=\"justify\"><img decoding=\"async\" src=\"\/\/www.ticmais.pt\/ticmais\/imagens\/Partidos%20debatem%20Sociedade%20da%20Informacao.jpg\" alt=\"\" \/><\/p>\n<\/td>\n<td valign=\"top\">\n<p style=\"text-align: justify;\">Representantes de quatro partidos pol\u00edticos com assento parlamentar estiveram ontem reunidos em Lisboa para debater as suas propostas para a Sociedade da Informa\u00e7\u00e3o, num evento promovido pela (APDSI) Associa\u00e7\u00e3o para a Promo\u00e7\u00e3o e Desenvolvimento da Sociedade da Informa\u00e7\u00e3o. <a href=\"http:\/\/www.i-gov.org\/index.php?article=11488&amp;visual=1\" target=\"_blank\">Mais&#8230;<\/a><\/p>\n<\/td>\n<\/tr>\n<\/tbody>\n<\/table>\n<p><br class=\"spacer_\" \/><\/p>\n","protected":false},"excerpt":{"rendered":"<p>Representantes de quatro partidos pol\u00edticos com assento parlamentar estiveram ontem reunidos em Lisboa para debater as suas propostas para a Sociedade da Informa\u00e7\u00e3o, num evento promovido pela (APDSI) Associa\u00e7\u00e3o para a Promo\u00e7\u00e3o e Desenvolvimento da Sociedade da Informa\u00e7\u00e3o. Mais&#8230;<\/p>\n","protected":false},"author":1,"featured_media":0,"comment_status":"closed","ping_status":"closed","sticky":false,"template":"","format":"standard","meta":{"footnotes":""},"categories":[15],"tags":[64,18,395,19],"class_list":["post-1993","post","type-post","status-publish","format-standard","hentry","category-tic-mais","tag-magalhaes","tag-plano-tecnologico","tag-politica","tag-sociedade-do-conhecinentoda-informacao"],"_links":{"self":[{"href":"https:\/\/www.ticmais.pt\/index.php?rest_route=\/wp\/v2\/posts\/1993","targetHints":{"allow":["GET"]}}],"collection":[{"href":"https:\/\/www.ticmais.pt\/index.php?rest_route=\/wp\/v2\/posts"}],"about":[{"href":"https:\/\/www.ticmais.pt\/index.php?rest_route=\/wp\/v2\/types\/post"}],"author":[{"embeddable":true,"href":"https:\/\/www.ticmais.pt\/index.php?rest_route=\/wp\/v2\/users\/1"}],"replies":[{"embeddable":true,"href":"https:\/\/www.ticmais.pt\/index.php?rest_route=%2Fwp%2Fv2%2Fcomments&post=1993"}],"version-history":[{"count":0,"href":"https:\/\/www.ticmais.pt\/index.php?rest_route=\/wp\/v2\/posts\/1993\/revisions"}],"wp:attachment":[{"href":"https:\/\/www.ticmais.pt\/index.php?rest_route=%2Fwp%2Fv2%2Fmedia&parent=1993"}],"wp:term":[{"taxonomy":"category","embeddable":true,"href":"https:\/\/www.ticmais.pt\/index.php?rest_route=%2Fwp%2Fv2%2Fcategories&post=1993"},{"taxonomy":"post_tag","embeddable":true,"href":"https:\/\/www.ticmais.pt\/index.php?rest_route=%2Fwp%2Fv2%2Ftags&post=1993"}],"curies":[{"name":"wp","href":"https:\/\/api.w.org\/{rel}","templated":true}]}}