{"id":1997,"date":"2009-09-17T13:43:06","date_gmt":"2009-09-17T12:43:06","guid":{"rendered":"http:\/\/www.ticmais.pt\/?p=1997"},"modified":"2009-09-17T13:43:06","modified_gmt":"2009-09-17T12:43:06","slug":"tribunal-recusa-pedido-da-pt-para-travar-novas-regras-na-portabilidade","status":"publish","type":"post","link":"https:\/\/www.ticmais.pt\/?p=1997","title":{"rendered":"Tribunal recusa pedido da PT para travar novas regras na portabilidade"},"content":{"rendered":"<table style=\"width: 100%;\" border=\"0\" cellspacing=\"5\" cellpadding=\"5\" align=\"justify\">\n<tbody>\n<tr>\n<td width=\"160\" valign=\"top\">\n<p align=\"justify\"><img decoding=\"async\" src=\"\/\/www.ticmais.pt\/ticmais\/imagens\/Tribunal%20recusa%20pedido%20da%20PT%20para%20travar%20novas%20regras%20na%20portabilidade.jpg\" alt=\"\" \/><\/p>\n<\/td>\n<td valign=\"top\">\n<p align=\"justify\">A provid\u00eancia cautelar entregue pela Portugal Telecom ao tribunal administrativo de Lisboa para bloquear a entrada em vigor das novas regras aplic\u00e1veis \u00e0 portabilidade de n\u00fameros de telefone foi indeferida. A Anacom pode continuar a aplicar as novas regras, diz a justi\u00e7a. <a href=\"http:\/\/tek.sapo.pt\/noticias\/telecomunicacoes\/tribunal_recusa_pedido_da_pt_para_travar_nova_1018142.html\" target=\"_blank\">Mais&#8230;<\/a><\/p>\n<\/td>\n<\/tr>\n<\/tbody>\n<\/table>\n<p><br class=\"spacer_\" \/><\/p>\n","protected":false},"excerpt":{"rendered":"<p>A provid\u00eancia cautelar entregue pela Portugal Telecom ao tribunal administrativo de Lisboa para bloquear a entrada em vigor das novas regras aplic\u00e1veis \u00e0 portabilidade de n\u00fameros de telefone foi indeferida. A Anacom pode continuar a aplicar as novas regras, diz a justi\u00e7a. Mais&#8230;<\/p>\n","protected":false},"author":1,"featured_media":0,"comment_status":"closed","ping_status":"closed","sticky":false,"template":"","format":"standard","meta":{"footnotes":""},"categories":[15],"tags":[413,288,376],"class_list":["post-1997","post","type-post","status-publish","format-standard","hentry","category-tic-mais","tag-anacom","tag-justica","tag-portugal-telecom"],"_links":{"self":[{"href":"https:\/\/www.ticmais.pt\/index.php?rest_route=\/wp\/v2\/posts\/1997","targetHints":{"allow":["GET"]}}],"collection":[{"href":"https:\/\/www.ticmais.pt\/index.php?rest_route=\/wp\/v2\/posts"}],"about":[{"href":"https:\/\/www.ticmais.pt\/index.php?rest_route=\/wp\/v2\/types\/post"}],"author":[{"embeddable":true,"href":"https:\/\/www.ticmais.pt\/index.php?rest_route=\/wp\/v2\/users\/1"}],"replies":[{"embeddable":true,"href":"https:\/\/www.ticmais.pt\/index.php?rest_route=%2Fwp%2Fv2%2Fcomments&post=1997"}],"version-history":[{"count":0,"href":"https:\/\/www.ticmais.pt\/index.php?rest_route=\/wp\/v2\/posts\/1997\/revisions"}],"wp:attachment":[{"href":"https:\/\/www.ticmais.pt\/index.php?rest_route=%2Fwp%2Fv2%2Fmedia&parent=1997"}],"wp:term":[{"taxonomy":"category","embeddable":true,"href":"https:\/\/www.ticmais.pt\/index.php?rest_route=%2Fwp%2Fv2%2Fcategories&post=1997"},{"taxonomy":"post_tag","embeddable":true,"href":"https:\/\/www.ticmais.pt\/index.php?rest_route=%2Fwp%2Fv2%2Ftags&post=1997"}],"curies":[{"name":"wp","href":"https:\/\/api.w.org\/{rel}","templated":true}]}}