{"id":1998,"date":"2009-09-17T13:54:45","date_gmt":"2009-09-17T12:54:45","guid":{"rendered":"http:\/\/www.ticmais.pt\/?p=1998"},"modified":"2009-09-17T13:54:45","modified_gmt":"2009-09-17T12:54:45","slug":"o-triunfo-da-voz","status":"publish","type":"post","link":"https:\/\/www.ticmais.pt\/?p=1998","title":{"rendered":"O triunfo da voz"},"content":{"rendered":"<table style=\"width: 100%;\" border=\"0\" cellspacing=\"5\" cellpadding=\"5\" align=\"justify\">\n<tbody>\n<tr>\n<td width=\"160\" valign=\"top\">\n<p align=\"justify\"><img decoding=\"async\" src=\"\/\/www.ticmais.pt\/ticmais\/imagens\/O%20triunfo%20da%20voz.jpg\" alt=\"\" \/><\/p>\n<\/td>\n<td valign=\"top\">\n<p><strong>O Twitter e o Facebook passam a permitir chamadas de voz<\/strong><\/p>\n<p style=\"text-align: justify;\">Em poucos dias foi revelado que o Facebook e o Twitter v\u00e3o passar a disponibilizar chamadas pelas suas p\u00e1ginas. Em ambos os casos as chamadas ser\u00e3o feitas a partir das p\u00e1ginas de Internet, mas num servi\u00e7o fornecido por companhias externas \u00e0 empresa.<a href=\"http:\/\/www.bit.pt\/Not%c3%adciascompletas\/tabid\/56\/Default.aspx?NotId=1369\" target=\"_blank\"> Mais&#8230;<\/a><\/p>\n<\/td>\n<\/tr>\n<\/tbody>\n<\/table>\n<p><br class=\"spacer_\" \/><\/p>\n","protected":false},"excerpt":{"rendered":"<p>O Twitter e o Facebook passam a permitir chamadas de voz Em poucos dias foi revelado que o Facebook e o Twitter v\u00e3o passar a disponibilizar chamadas pelas suas p\u00e1ginas. Em ambos os casos as chamadas ser\u00e3o feitas a partir das p\u00e1ginas de Internet, mas num servi\u00e7o fornecido por companhias externas \u00e0 empresa. Mais&#8230;<\/p>\n","protected":false},"author":1,"featured_media":0,"comment_status":"closed","ping_status":"closed","sticky":false,"template":"","format":"standard","meta":{"footnotes":""},"categories":[15],"tags":[419,153,267,95],"class_list":["post-1998","post","type-post","status-publish","format-standard","hentry","category-tic-mais","tag-facbook","tag-redes-sociais","tag-twitter","tag-voip"],"_links":{"self":[{"href":"https:\/\/www.ticmais.pt\/index.php?rest_route=\/wp\/v2\/posts\/1998","targetHints":{"allow":["GET"]}}],"collection":[{"href":"https:\/\/www.ticmais.pt\/index.php?rest_route=\/wp\/v2\/posts"}],"about":[{"href":"https:\/\/www.ticmais.pt\/index.php?rest_route=\/wp\/v2\/types\/post"}],"author":[{"embeddable":true,"href":"https:\/\/www.ticmais.pt\/index.php?rest_route=\/wp\/v2\/users\/1"}],"replies":[{"embeddable":true,"href":"https:\/\/www.ticmais.pt\/index.php?rest_route=%2Fwp%2Fv2%2Fcomments&post=1998"}],"version-history":[{"count":0,"href":"https:\/\/www.ticmais.pt\/index.php?rest_route=\/wp\/v2\/posts\/1998\/revisions"}],"wp:attachment":[{"href":"https:\/\/www.ticmais.pt\/index.php?rest_route=%2Fwp%2Fv2%2Fmedia&parent=1998"}],"wp:term":[{"taxonomy":"category","embeddable":true,"href":"https:\/\/www.ticmais.pt\/index.php?rest_route=%2Fwp%2Fv2%2Fcategories&post=1998"},{"taxonomy":"post_tag","embeddable":true,"href":"https:\/\/www.ticmais.pt\/index.php?rest_route=%2Fwp%2Fv2%2Ftags&post=1998"}],"curies":[{"name":"wp","href":"https:\/\/api.w.org\/{rel}","templated":true}]}}