{"id":1999,"date":"2009-10-22T10:01:06","date_gmt":"2009-10-22T09:01:06","guid":{"rendered":"http:\/\/www.ticmais.pt\/?p=1999"},"modified":"2009-10-22T10:01:06","modified_gmt":"2009-10-22T09:01:06","slug":"gato-fedorento-eleicoes-de-16-09-2009-paulo-portas","status":"publish","type":"post","link":"https:\/\/www.ticmais.pt\/?p=1999","title":{"rendered":"Gato Fedorento &#8211; Esmi\u00fa\u00e7a os Sufr\u00e1gios"},"content":{"rendered":"<table style=\"width: 100%;\" border=\"0\" cellspacing=\"5\" cellpadding=\"5\" align=\"justify\">\n<tbody>\n<tr>\n<td width=\"160\" valign=\"top\">\n<p align=\"justify\"><img decoding=\"async\" src=\"\/\/www.ticmais.pt\/ticmais\/imagens\/Gato%20Fedorento%20Eleicoes%20-%20videos%20sic.jpg\" alt=\"\" \/><\/p>\n<\/td>\n<td valign=\"top\">Programas com:<br \/>\n<strong>Jos\u00e9 Alberto Carvalho, J\u00falio Magalh\u00e3es e<br \/>\nRodrigues Guedes de Carvalho<\/strong>\u00a0<strong> <\/strong><a href=\"http:\/\/www.videosfedorentos.com\/img-%DAltimo-%22esmiuca-os-sufragios%22-gato-fedorento...-parte-1-739.htm\" target=\"_blank\"><strong>(1)<\/strong><\/a><strong>\u00a0\u00a0 <\/strong><a href=\"http:\/\/www.videosfedorentos.com\/img-%DAltimo-%22esmiuca-os-sufragios%22-gato-fedorento...-parte-2-740.htm\" target=\"_blank\"><strong>(2)<\/strong><\/a><strong>\u00a0\u00a0 <\/strong><a href=\"http:\/\/www.videosfedorentos.com\/img-%DAltimo-%22esmiuca-os-sufragios%22-gato-fedorento...-parte-3-741.htm\" target=\"_blank\"><strong>(3)<\/strong><\/a><strong>\u00a0<\/strong><\/p>\n<p><strong>Francisco Assis e<br \/>\nJo\u00e3o Pedro Aguiar Branco\u00a0\u00a0 <strong><a href=\"http:\/\/www.videosfedorentos.com\/img-esmiuca-os-sufragios%22-22-10--29-episodio---parte-1-736.htm\" target=\"_blank\">(1)<\/a><\/strong><strong>\u00a0\u00a0<\/strong><strong><a href=\"http:\/\/www.videosfedorentos.com\/img-esmiuca-os-sufragios%22-22-10--29-episodio---parte-2-737.htm\" target=\"_blank\">(2)<\/a><\/strong><strong>\u00a0 <\/strong><strong><a href=\"http:\/\/www.videosfedorentos.com\/img-esmiuca-os-sufragios%22-22-10--29-episodio---parte-3-738.htm\" target=\"_blank\">(3)<\/a><\/strong><\/strong>\u00a0\u00a0<\/p>\n<p>Restantes programas na continua\u00e7\u00e3o da not\u00edcia<\/p>\n<\/td>\n<\/tr>\n<\/tbody>\n<\/table>\n<p><!--more--><\/p>\n<table style=\"width: 100%;\" border=\"0\" cellspacing=\"5\" cellpadding=\"5\" align=\"justify\">\n<tbody>\n<tr>\n<td valign=\"top\">\n<p align=\"justify\">Programa com\u00a0<strong>Marcelo Rebelo de Sousa\u00a0 <\/strong><strong><a href=\"http:\/\/www.videosfedorentos.com\/img-esmiuca-os-sufragios%22-21-10--28-episodio---parte-1-733.htm\" target=\"_blank\">(1)<\/a><\/strong><strong>\u00a0\u00a0<\/strong><strong><a href=\"http:\/\/www.videosfedorentos.com\/img-esmiuca-os-sufragios%22-21-10--28-episodio---parte-2-734.htm\" target=\"_blank\">(2)<\/a><\/strong><strong>\u00a0 <\/strong><strong><a href=\"http:\/\/www.videosfedorentos.com\/img-esmiuca-os-sufragios%22-21-10--28-episodio---parte-3-735.htm\" target=\"_blank\">(3)<\/a><\/strong><br \/>\nPrograma com\u00a0<strong>Bernardino Soares\u00a0\u00a0<\/strong><strong> <a href=\"http:\/\/www.videosfedorentos.com\/img-esmiuca-os-sufragios%22-20-10--27-episodio---parte-1-730.htm\" target=\"_blank\">(1)<\/a><\/strong><strong>\u00a0\u00a0 <\/strong><strong><a href=\"http:\/\/www.videosfedorentos.com\/img-esmiuca-os-sufragios%22-20-10--27-episodio---parte-2-731.htm\" target=\"_blank\">(2)<\/a><\/strong><strong>\u00a0\u00a0 <\/strong><strong><a href=\"http:\/\/www.videosfedorentos.com\/img-esmiuca-os-sufragios%22-20-10--27-episodio---parte-3-732.htm\" target=\"_blank\">(3)<\/a><\/strong><br \/>\nPrograma com\u00a0<strong>Ramalho Eanes\u00a0\u00a0<\/strong><a><strong> (1)<\/strong><\/a><strong>\u00a0\u00a0 <\/strong><a href=\"http:\/\/www.videosfedorentos.com\/img-esmiuca-os-sufragios%22-19-10--26-episodio---parte-2-728.htm\" target=\"_blank\"><strong>(2)<\/strong><\/a><strong>\u00a0\u00a0 <\/strong><a href=\"http:\/\/www.videosfedorentos.com\/img-esmiuca-os-sufragios%22-19-10--26-episodio---parte-3-729.htm\" target=\"_blank\"><strong>(3)<\/strong><\/a><br \/>\nPrograma com\u00a0<strong>M\u00e1rio Lino\u00a0\u00a0<a href=\"http:\/\/www.videosfedorentos.com\/img-esmiuca-os-sufragios%22-16-10--25-episodio---parte-1-724.htm\" target=\"_blank\"> <\/a><\/strong><strong><a href=\"http:\/\/www.videosfedorentos.com\/img-esmiuca-os-sufragios%22-16-10--25-episodio---parte-1-724.htm\" target=\"_blank\">(1)<\/a><\/strong><strong>\u00a0\u00a0 <\/strong><strong><a href=\"http:\/\/www.videosfedorentos.com\/img-esmiuca-os-sufragios%22-16-10--25-episodio---parte-2-725.htm\" target=\"_blank\">(2)<\/a><\/strong><strong>\u00a0\u00a0 <\/strong><strong><a href=\"http:\/\/www.videosfedorentos.com\/img-esmiuca-os-sufragios%22-16-10--25-episodio---parte-3-726.htm\" target=\"_blank\">(3)<\/a><\/strong><br \/>\nPrograma com\u00a0<strong>Moita Flores\u00a0\u00a0 <a href=\"http:\/\/www.videosfedorentos.com\/img-esmiuca-os-sufragios%22-15-10--24-episodio---parte-1-721.htm\" target=\"_blank\">(1)<\/a>\u00a0\u00a0 <a href=\"http:\/\/www.videosfedorentos.com\/img-esmiuca-os-sufragios%22-15-10--24-episodio---parte-2-722.htm\" target=\"_blank\">(2)<\/a>\u00a0<\/strong><br \/>\nPrograma com\u00a0<strong>Jorge Coelho\u00a0\u00a0 <a href=\"http:\/\/www.videosfedorentos.com\/img-esmiuca-os-sufragios%22-14-10--23-episodio---parte-1-718.htm\" target=\"_blank\">(1)<\/a>\u00a0\u00a0 <a href=\"http:\/\/www.videosfedorentos.com\/img-esmiuca-os-sufragios%22-14-10--23-episodio---parte-2-719.htm\" target=\"_blank\">(2)<\/a>\u00a0\u00a0 <a href=\"http:\/\/www.videosfedorentos.com\/img-esmiuca-os-sufragios%22-14-10--23-episodio---parte-3-720.htm\" target=\"_blank\">(3)<\/a><\/strong><br \/>\nPrograma com\u00a0<strong>Nuno Melo\u00a0\u00a0 <a href=\"http:\/\/www.videosfedorentos.com\/img-esmiuca-os-sufragios%22-13-10--22-episodio---parte-1-715.htm\" target=\"_blank\">(1)<\/a>\u00a0\u00a0 <a href=\"http:\/\/www.videosfedorentos.com\/img-esmiuca-os-sufragios%22-13-10--22-episodio---parte-2-716.htm\" target=\"_blank\">(2)<\/a>\u00a0\u00a0 <a href=\"http:\/\/www.videosfedorentos.com\/img-esmiuca-os-sufragios%22-13-10--22-episodio---parte-3-717.htm\" target=\"_blank\">(3)<\/a><\/strong><br \/>\nPrograma com\u00a0<strong>Jaime Gama\u00a0\u00a0 <a href=\"http:\/\/www.videosfedorentos.com\/img-escrutina-os-escrutinios-10--10------parte-1-712.htm\" target=\"_blank\">(1)<\/a>\u00a0\u00a0 <a href=\"http:\/\/www.videosfedorentos.com\/img-escrutina-os-escrutinios-10--10-----parte-2-713.htm\" target=\"_blank\">(2)<\/a>\u00a0\u00a0 <a href=\"http:\/\/www.videosfedorentos.com\/img-escrutina-os-escrutinios-10--10-----parte-3-714.htm\" target=\"_blank\">(3)<\/a><\/strong><br \/>\nPrograma com\u00a0<strong>Ant\u00f3nio Marinho Pinto\u00a0 <a href=\"http:\/\/www.videosfedorentos.com\/img-esmiuca-os-sufragios%22-9-10--20-episodio---parte-1-709.htm\" target=\"_blank\">(1)<\/a>\u00a0\u00a0 <a href=\"http:\/\/www.videosfedorentos.com\/img-esmiuca-os-sufragios%22-9-10--20-episodio---parte-2-710.htm\" target=\"_blank\">(2)<\/a>\u00a0\u00a0 <a href=\"http:\/\/www.videosfedorentos.com\/img-esmiuca-os-sufragios%22-9-10--20-episodio---parte-3-711.htm\" target=\"_blank\">(3)<\/a><\/strong><br \/>\nPrograma com <strong>Marques Mendes\u00a0 <a href=\"http:\/\/www.videosfedorentos.com\/img-esmiuca-os-sufragios%22-8-10--19-episodio---parte-1-706.htm\" target=\"_blank\">(1)<\/a>\u00a0\u00a0 <a href=\"http:\/\/www.videosfedorentos.com\/img-esmiuca-os-sufragios%22-8-10--19-episodio---parte-2-707.htm\" target=\"_blank\">(2)<\/a>\u00a0\u00a0 <a href=\"http:\/\/www.videosfedorentos.com\/img-esmiuca-os-sufragios%22-8-10--19-episodio---parte-3-708.htm\" target=\"_blank\">(3)<\/a><\/strong><br \/>\nPrograma com <strong>Elisa Ferreira\u00a0\u00a0 <a href=\"http:\/\/www.videosfedorentos.com\/img-esmiuca-os-sufragios%22-7-10--18-episodio---parte-1-703.htm\" target=\"_blank\">(1)<\/a>\u00a0\u00a0 <a href=\"http:\/\/www.videosfedorentos.com\/img-esmiuca-os-sufragios%22-7-10--18-episodio---parte-2-704.htm\" target=\"_blank\">(2)<\/a>\u00a0\u00a0 <a href=\"http:\/\/www.videosfedorentos.com\/img-esmiuca-os-sufragios%22-7-10--18-episodio---parte-3-705.htm\" target=\"_blank\">(3)<\/a><\/strong><br \/>\nPrograma com <strong>Pedro Passos Coelho\u00a0 <a href=\"http:\/\/www.videosfedorentos.com\/img-smiuca-os-sufragios%22-6-10--17-episodio---parte-1-700.htm\" target=\"_blank\">(1)<\/a>\u00a0\u00a0 <a href=\"http:\/\/www.videosfedorentos.com\/img-esmiuca-os-sufragios%22-6-10--17-episodio---parte-2-701.htm\" target=\"_blank\">(2)<\/a>\u00a0\u00a0 <a href=\"http:\/\/www.videosfedorentos.com\/img-esmiuca-os-sufragios%22-6-10--17-episodio---parte-3-702.htm\" target=\"_blank\">(3)<\/a><\/strong><br \/>\nPrograma com <strong>M\u00e1rio Soares\u00a0 <a href=\"http:\/\/www.videosfedorentos.com\/img-esmiuca-os-sufragios%22-5-10--16-episodio---parte-1-697.htm\" target=\"_blank\">(1)<\/a>\u00a0\u00a0 <a href=\"http:\/\/www.videosfedorentos.com\/img-esmiuca-os-sufragios%22-5-10--16-episodio---parte-2-698.htm\" target=\"_blank\">(2)<\/a>\u00a0\u00a0 <a href=\"http:\/\/www.videosfedorentos.com\/img-esmiuca-os-sufragios%22-5-10--16-episodio---parte-3-699.htm\" target=\"_blank\">(3)<\/a><\/strong><br \/>\nPrograma com <strong>Lu\u00eds Filipe Menezes\u00a0 <a href=\"http:\/\/www.videosfedorentos.com\/img-esmiuca-os-sufragios%22-2-10--15-episodio---parte-1-694.htm\" target=\"_blank\">(1)<\/a>\u00a0 <a href=\"http:\/\/www.videosfedorentos.com\/img-esmiuca-os-sufragios%22-2-10--15-episodio---parte-2-695.htm\" target=\"_blank\">(2)<\/a>\u00a0\u00a0 <a href=\"http:\/\/www.videosfedorentos.com\/img-esmiuca-os-sufragios%22-2-10--15-episodio---parte-3-696.htm\" target=\"_blank\">(3)<\/a><\/strong><br \/>\nPrograma com <strong>Rui Rio<\/strong>\u00a0 <strong><a href=\"http:\/\/www.videosfedorentos.com\/img-esmiuca-os-sufragios%22-1-10--14-episodio---parte-1-691.htm\" target=\"_blank\">(1)<\/a><\/strong>\u00a0 <strong><a href=\"http:\/\/www.videosfedorentos.com\/img-esmiuca-os-sufragios%22-1-10--14-episodio---parte-2-692.htm\" target=\"_blank\">(2)<\/a><\/strong>\u00a0\u00a0 <strong><a href=\"http:\/\/www.videosfedorentos.com\/img-esmiuca-os-sufragios%22-1-10--14-episodio---parte-3-693.htm\" target=\"_blank\">(3)<\/a><\/strong><br \/>\nPrograma com <strong>Santana Lopes<\/strong>\u00a0\u00a0<a href=\"http:\/\/www.videosfedorentos.com\/img-esmiuca-os-sufragios%22-30--9----episodio---parte-1-688.htm\" target=\"_blank\"><strong>(1)<\/strong><\/a>\u00a0\u00a0 <a href=\"http:\/\/www.videosfedorentos.com\/img-esmiuca-os-sufragios%22-30--9----episodio---parte-2-689.htm\" target=\"_blank\"><strong>(2)<\/strong><\/a>\u00a0\u00a0 <a href=\"http:\/\/www.videosfedorentos.com\/img-esmiuca-os-sufragios%22-30--9---episodio---parte-3-690.htm\" target=\"_blank\"><strong>(3)<\/strong><\/a><br \/>\nPrograma com <strong>Ant\u00f3nio Costa<\/strong>\u00a0 <a href=\"http:\/\/www.videosfedorentos.com\/img-esmiuca-os-sufragios%22-29--9---12-episodio---parte-1-685.htm\" target=\"_blank\"><strong>(1)<\/strong><\/a>\u00a0\u00a0\u00a0<a href=\"http:\/\/www.videosfedorentos.com\/img-esmiuca-os-sufragios%22-29--9---12-episodio---parte-2-686.htm\" target=\"_blank\"><strong>(2)<\/strong><\/a>\u00a0\u00a0\u00a0<a href=\"http:\/\/www.videosfedorentos.com\/img-esmiuca-os-sufragios%22-29--9---12-episodio---parte-3-687.htm\" target=\"_blank\"><strong>(3)<\/strong><\/a><br \/>\nPrograma com <strong>Ant\u00f3nio Vitorino\u00a0 <a href=\"http:\/\/www.videosfedorentos.com\/img-escrutina-os-escrutinios-28--9---11-episodio---parte-1-683.htm\" target=\"_blank\"><strong>(1)<\/strong><\/a>\u00a0\u00a0 <a href=\"http:\/\/www.videosfedorentos.com\/img-escrutina-os-escrutinios-28--9---11-episodio---parte-2-684.htm\" target=\"_blank\"><strong>(2)<\/strong><\/a><\/strong><br \/>\nPrograma com <strong>Garcia Pereira\u00a0<a href=\"http:\/\/www.youtube.com\/watch?v=ZmSh02AwT-Q\" target=\"_blank\"> (1)<\/a>\u00a0\u00a0 <a href=\"http:\/\/www.youtube.com\/watch?v=BfIlO6j0MqE\" target=\"_blank\">(2)<\/a>\u00a0\u00a0 <a href=\"http:\/\/www.youtube.com\/watch?v=OsdShXsMHes\" target=\"_blank\">(3)<\/a><\/strong><br \/>\nPrograma com <strong>M\u00aa Jos\u00e9 Nogueira Pinto\u00a0 <a href=\"http:\/\/www.videosfedorentos.com\/img-esmiuca-os-sufragios%22-24--9---9-episodio---parte-1-678.htm\" target=\"_blank\">(1)<\/a>\u00a0\u00a0 <a href=\"http:\/\/www.videosfedorentos.com\/img-esmiuca-os-sufragios%22-24--9---9-episodio---parte-2-679.htm\" target=\"_blank\">(2)<\/a>\u00a0\u00a0 <a href=\"http:\/\/www.videosfedorentos.com\/img-esmiuca-os-sufragios%22-24--9---9-episodio---parte-3-680.htm\" target=\"_blank\">(3)<\/a><\/strong>\u00a0<br \/>\nPrograma com <strong>Teixeira dos Santos\u00a0 <a href=\"http:\/\/www.videosfedorentos.com\/img-esmiuca-os-sufragios%22-23--9---8-episodio---parte-1-676.htm\" target=\"_blank\"><strong>(1)<\/strong><\/a>\u00a0\u00a0\u00a0<strong> <\/strong><a href=\"http:\/\/www.videosfedorentos.com\/img-esmiuca-os-sufragios%22-23--9---8-episodio---parte-2-677.htm\" target=\"_blank\"><strong>(2)<\/strong><\/a><\/strong>\u00a0\u00a0\u00a0\u00a0<br \/>\nPrograma com <strong>Joana Amaral Dias\u00a0 <a href=\"http:\/\/www.videosfedorentos.com\/img-%22esmiuca-os-sufragios%22-22--9---7-episodio---parte-1-673.htm\" target=\"_blank\"><strong>(1)<\/strong><\/a>\u00a0\u00a0 <a href=\"http:\/\/www.videosfedorentos.com\/img-%22esmiuca-os-sufragios%22-22--9---7-episodio---parte-2-674.htm\" target=\"_blank\"><strong>(2)<\/strong><\/a>\u00a0\u00a0 <a href=\"http:\/\/www.videosfedorentos.com\/img-esmiuca-os-sufragios%22-22--9---7-episodio---parte-3-675.htm\" target=\"_blank\"><strong>(3)<\/strong><\/a><\/strong>\u00a0\u00a0\u00a0<br \/>\nPrograma com <strong>Jer\u00f3nimo de Sousa\u00a0 <a href=\"http:\/\/www.videosfedorentos.com\/img-%22esmiuca-os-sufragios%22-21--9---6-episodio---parte-1-670.htm\" target=\"_blank\"><strong>(1)<\/strong><\/a>\u00a0\u00a0\u00a0<a href=\"http:\/\/www.videosfedorentos.com\/img-%22esmiuca-os-sufragios%22-21--9---6-episodio---parte-2-671.htm\" target=\"_blank\"><strong>\u00a0(2)<\/strong><\/a>\u00a0\u00a0\u00a0\u00a0<a href=\"http:\/\/www.videosfedorentos.com\/img-%22esmiuca-os-sufragios%22-21--9---6-episodio---parte-3-672.htm\" target=\"_blank\"><strong>(3)<\/strong><\/a><\/strong>\u00a0<br \/>\nPrograma com <strong>Paulo Rangel<a href=\"http:\/\/www.videosfedorentos.com\/img-%22esmiuca-os-sufragios%22-18--9---5-episodio---parte-1-667.htm\" target=\"_blank\">\u00a0 <strong>(1)<\/strong><\/a>\u00a0 \u00a0<a href=\"http:\/\/www.videosfedorentos.com\/img-%22esmiuca-os-sufragios%22-18--9---5-episodio---parte-2-668.htm\" target=\"_blank\"><strong>(2)<\/strong><\/a>\u00a0 \u00a0<a href=\"http:\/\/www.videosfedorentos.com\/img-%22esmiuca-os-sufragios%22-18--9---5-episodio---parte-3-669.htm\" target=\"_blank\"><strong>(3)<\/strong><\/a><\/strong><br \/>\nPrograma com <strong>Francisco Lou\u00e7\u00e3<\/strong>\u00a0 <a href=\"http:\/\/www.videosfedorentos.com\/img-%22esmiuca-os-sufragios%22-17--9---4-episodio---parte-1-664.htm\" target=\"_blank\"><strong>(1)<\/strong><\/a>\u00a0 <a href=\"http:\/\/www.videosfedorentos.com\/img-%22esmiuca-os-sufragios%22-17--9---4-episodio---parte-2-665.htm\" target=\"_blank\"><strong>(2)<\/strong><\/a>\u00a0 \u00a0<a href=\"http:\/\/www.videosfedorentos.com\/img-%22esmiuca-os-sufragios%22-17--9---4-episodio---parte-3-666.htm\" target=\"_blank\"><strong>(3)<\/strong><\/a><br \/>\nPrograma com <strong>Paulo Portas<\/strong>\u00a0\u00a0<a href=\"http:\/\/www.videosfedorentos.com\/img-%22esmiuca-os-sufragios%22-16--9---3-episodio---parte-1-661.htm\" target=\"_blank\"><strong>(1)<\/strong><\/a>\u00a0 \u00a0<a href=\"http:\/\/www.videosfedorentos.com\/img-%22esmiuca-os-sufragios%22-16--9---3-episodio---parte-2-662.htm\" target=\"_blank\"><strong>(2)<\/strong><\/a>\u00a0\u00a0 <a href=\"http:\/\/www.videosfedorentos.com\/img-%22esmiuca-os-sufragios%22-16--9---3-episodio---parte-3-663.htm\" target=\"_blank\"><strong>(3)<\/strong><\/a>\u00a0\u00a0<br \/>\nPrograma com <strong>Manuela Ferreira Leite<\/strong>\u00a0 <a href=\"http:\/\/www.videosfedorentos.com\/img-%22esmiuca-os-sufragios%22-15--9---2-episodio---parte-1-660.htm\" target=\"_blank\"><strong>(1)<\/strong><\/a>\u00a0 \u00a0<a href=\"http:\/\/www.videosfedorentos.com\/img-%22esmiuca-os-sufragios%22-15--9---2-episodio---parte-2-658.htm\" target=\"_blank\"><strong>(2)<\/strong><\/a>\u00a0\u00a0 <a href=\"http:\/\/www.videosfedorentos.com\/img-%22esmiuca-os-sufragios%22-15--9---2-episodio---parte-3-659.htm\" target=\"_blank\"><strong>(3<\/strong><\/a>\u00a0\u00a0<br \/>\nPrograma com <strong>Jos\u00e9 S\u00f3crates\u00a0<a href=\"http:\/\/www.videosfedorentos.com\/img-%22esmiuca-os-sufragios%22-14--9--parte-1-653.htm\" target=\"_blank\"><strong>\u00a0(1)<\/strong><\/a>\u00a0 \u00a0<a href=\"http:\/\/www.videosfedorentos.com\/img-%22esmiuca-os-sufragios%22-14--9--parte-2-654.htm\" target=\"_blank\"><strong>(2)<\/strong><\/a>\u00a0 \u00a0<a href=\"http:\/\/www.videosfedorentos.com\/img-%22esmiuca-os-sufragios%22-14--9--parte-3-655.htm\" target=\"_blank\"><strong>(3)<\/strong><\/a><\/strong><\/p>\n<\/td>\n<\/tr>\n<\/tbody>\n<\/table>\n","protected":false},"excerpt":{"rendered":"<p>Programas com: Jos\u00e9 Alberto Carvalho, J\u00falio Magalh\u00e3es e Rodrigues Guedes de Carvalho\u00a0 (1)\u00a0\u00a0 (2)\u00a0\u00a0 (3)\u00a0 Francisco Assis e Jo\u00e3o Pedro Aguiar Branco\u00a0\u00a0 (1)\u00a0\u00a0(2)\u00a0 (3)\u00a0\u00a0 Restantes programas na continua\u00e7\u00e3o da not\u00edcia<\/p>\n","protected":false},"author":1,"featured_media":0,"comment_status":"closed","ping_status":"closed","sticky":false,"template":"","format":"standard","meta":{"footnotes":""},"categories":[15],"tags":[188,83,481,395,166],"class_list":["post-1999","post","type-post","status-publish","format-standard","hentry","category-tic-mais","tag-eleicoes","tag-entretenimento","tag-gato-fedorento","tag-politica","tag-televisao"],"_links":{"self":[{"href":"https:\/\/www.ticmais.pt\/index.php?rest_route=\/wp\/v2\/posts\/1999","targetHints":{"allow":["GET"]}}],"collection":[{"href":"https:\/\/www.ticmais.pt\/index.php?rest_route=\/wp\/v2\/posts"}],"about":[{"href":"https:\/\/www.ticmais.pt\/index.php?rest_route=\/wp\/v2\/types\/post"}],"author":[{"embeddable":true,"href":"https:\/\/www.ticmais.pt\/index.php?rest_route=\/wp\/v2\/users\/1"}],"replies":[{"embeddable":true,"href":"https:\/\/www.ticmais.pt\/index.php?rest_route=%2Fwp%2Fv2%2Fcomments&post=1999"}],"version-history":[{"count":0,"href":"https:\/\/www.ticmais.pt\/index.php?rest_route=\/wp\/v2\/posts\/1999\/revisions"}],"wp:attachment":[{"href":"https:\/\/www.ticmais.pt\/index.php?rest_route=%2Fwp%2Fv2%2Fmedia&parent=1999"}],"wp:term":[{"taxonomy":"category","embeddable":true,"href":"https:\/\/www.ticmais.pt\/index.php?rest_route=%2Fwp%2Fv2%2Fcategories&post=1999"},{"taxonomy":"post_tag","embeddable":true,"href":"https:\/\/www.ticmais.pt\/index.php?rest_route=%2Fwp%2Fv2%2Ftags&post=1999"}],"curies":[{"name":"wp","href":"https:\/\/api.w.org\/{rel}","templated":true}]}}