{"id":2019,"date":"2009-09-24T15:30:19","date_gmt":"2009-09-24T14:30:19","guid":{"rendered":"http:\/\/www.ticmais.pt\/?p=2019"},"modified":"2009-09-24T15:30:19","modified_gmt":"2009-09-24T14:30:19","slug":"processadores-atom-vao-para-os-smartphones","status":"publish","type":"post","link":"https:\/\/www.ticmais.pt\/?p=2019","title":{"rendered":"Processadores Atom v\u00e3o para os smartphones"},"content":{"rendered":"<table style=\"width: 100%;\" border=\"0\" cellspacing=\"5\" cellpadding=\"5\" align=\"justify\">\n<tbody>\n<tr>\n<td width=\"160\" valign=\"top\">\n<p align=\"justify\"><img decoding=\"async\" src=\"\/\/www.ticmais.pt\/ticmais\/imagens\/Processadores%20Atom%20vao%20para%20os%20smartphones.jpg\" alt=\"\" \/><\/p>\n<\/td>\n<td valign=\"top\">\n<p style=\"text-align: justify;\">A pr\u00f3xima gera\u00e7\u00e3o de processadores Atom vai ser desenhada de forma a ser melhor integrada em smartphones.<br \/>\nAli\u00e1s, a pr\u00f3pria Intel j\u00e1 revelou que em 2010 est\u00e3o j\u00e1 a ser planeados terminais m\u00f3veis com Atom integrados. <a href=\"http:\/\/clix.exameinformatica.pt\/processadores-atom-vao-para-os-smartphones=f1003523\" target=\"_blank\">Mais&#8230;<\/a><\/p>\n<p><br class=\"spacer_\" \/><\/p>\n<\/td>\n<\/tr>\n<\/tbody>\n<\/table>\n<p><br class=\"spacer_\" \/><\/p>\n","protected":false},"excerpt":{"rendered":"<p>A pr\u00f3xima gera\u00e7\u00e3o de processadores Atom vai ser desenhada de forma a ser melhor integrada em smartphones. Ali\u00e1s, a pr\u00f3pria Intel j\u00e1 revelou que em 2010 est\u00e3o j\u00e1 a ser planeados terminais m\u00f3veis com Atom integrados. Mais&#8230;<\/p>\n","protected":false},"author":1,"featured_media":0,"comment_status":"closed","ping_status":"closed","sticky":false,"template":"","format":"standard","meta":{"footnotes":""},"categories":[15],"tags":[222,79,155,434],"class_list":["post-2019","post","type-post","status-publish","format-standard","hentry","category-tic-mais","tag-atom","tag-intel","tag-processadores","tag-smart"],"_links":{"self":[{"href":"https:\/\/www.ticmais.pt\/index.php?rest_route=\/wp\/v2\/posts\/2019","targetHints":{"allow":["GET"]}}],"collection":[{"href":"https:\/\/www.ticmais.pt\/index.php?rest_route=\/wp\/v2\/posts"}],"about":[{"href":"https:\/\/www.ticmais.pt\/index.php?rest_route=\/wp\/v2\/types\/post"}],"author":[{"embeddable":true,"href":"https:\/\/www.ticmais.pt\/index.php?rest_route=\/wp\/v2\/users\/1"}],"replies":[{"embeddable":true,"href":"https:\/\/www.ticmais.pt\/index.php?rest_route=%2Fwp%2Fv2%2Fcomments&post=2019"}],"version-history":[{"count":0,"href":"https:\/\/www.ticmais.pt\/index.php?rest_route=\/wp\/v2\/posts\/2019\/revisions"}],"wp:attachment":[{"href":"https:\/\/www.ticmais.pt\/index.php?rest_route=%2Fwp%2Fv2%2Fmedia&parent=2019"}],"wp:term":[{"taxonomy":"category","embeddable":true,"href":"https:\/\/www.ticmais.pt\/index.php?rest_route=%2Fwp%2Fv2%2Fcategories&post=2019"},{"taxonomy":"post_tag","embeddable":true,"href":"https:\/\/www.ticmais.pt\/index.php?rest_route=%2Fwp%2Fv2%2Ftags&post=2019"}],"curies":[{"name":"wp","href":"https:\/\/api.w.org\/{rel}","templated":true}]}}