{"id":2020,"date":"2009-09-24T15:34:58","date_gmt":"2009-09-24T14:34:58","guid":{"rendered":"http:\/\/www.ticmais.pt\/?p=2020"},"modified":"2009-09-24T15:34:58","modified_gmt":"2009-09-24T14:34:58","slug":"intel-quer-substituir-usb-por-fibra-optica","status":"publish","type":"post","link":"https:\/\/www.ticmais.pt\/?p=2020","title":{"rendered":"Intel quer substituir USB por fibra \u00f3ptica"},"content":{"rendered":"<table style=\"width: 100%;\" border=\"0\" cellspacing=\"5\" cellpadding=\"5\" align=\"justify\">\n<tbody>\n<tr>\n<td width=\"160\" valign=\"top\">\n<p align=\"justify\"><img decoding=\"async\" src=\"\/\/www.ticmais.pt\/ticmais\/imagens\/Intel%20quer%20substituir%20USB%20por%20fibra%20optica.jpg\" alt=\"\" \/><\/p>\n<\/td>\n<td valign=\"top\">\n<p align=\"justify\">Light Peak \u00e9 o nome de c\u00f3digo para uma nova tecnologia de fibra \u00f3ptica que a Intel quer que venha a substituir interfaces como a USB. <br \/>\nA Intel apresentou no IDF, em S\u00e3o Francisco, uma nova tecnologia \u00f3ptica desenhada para ligar dispositivos electr\u00f3nicos. O Light Peak proporciona uma largura de banda m\u00e1xima de 10 gigabits por segundo, com o potencial de crescer at\u00e9 100 gigabits\/segundo na pr\u00f3xima d\u00e9cada. <a href=\"http:\/\/clix.exameinformatica.pt\/intel-quer-substituir-usb-por-fibra-optica=f1003520\" target=\"_blank\">Mais&#8230;<\/a>\u00a0<\/p>\n<\/td>\n<\/tr>\n<\/tbody>\n<\/table>\n<p><br class=\"spacer_\" \/><\/p>\n","protected":false},"excerpt":{"rendered":"<p>Light Peak \u00e9 o nome de c\u00f3digo para uma nova tecnologia de fibra \u00f3ptica que a Intel quer que venha a substituir interfaces como a USB. A Intel apresentou no IDF, em S\u00e3o Francisco, uma nova tecnologia \u00f3ptica desenhada para ligar dispositivos electr\u00f3nicos. O Light Peak proporciona uma largura de banda m\u00e1xima de 10 gigabits [&hellip;]<\/p>\n","protected":false},"author":1,"featured_media":0,"comment_status":"closed","ping_status":"closed","sticky":false,"template":"","format":"standard","meta":{"footnotes":""},"categories":[15],"tags":[124,79,435],"class_list":["post-2020","post","type-post","status-publish","format-standard","hentry","category-tic-mais","tag-fibra-optica","tag-intel","tag-interfaces"],"_links":{"self":[{"href":"https:\/\/www.ticmais.pt\/index.php?rest_route=\/wp\/v2\/posts\/2020","targetHints":{"allow":["GET"]}}],"collection":[{"href":"https:\/\/www.ticmais.pt\/index.php?rest_route=\/wp\/v2\/posts"}],"about":[{"href":"https:\/\/www.ticmais.pt\/index.php?rest_route=\/wp\/v2\/types\/post"}],"author":[{"embeddable":true,"href":"https:\/\/www.ticmais.pt\/index.php?rest_route=\/wp\/v2\/users\/1"}],"replies":[{"embeddable":true,"href":"https:\/\/www.ticmais.pt\/index.php?rest_route=%2Fwp%2Fv2%2Fcomments&post=2020"}],"version-history":[{"count":0,"href":"https:\/\/www.ticmais.pt\/index.php?rest_route=\/wp\/v2\/posts\/2020\/revisions"}],"wp:attachment":[{"href":"https:\/\/www.ticmais.pt\/index.php?rest_route=%2Fwp%2Fv2%2Fmedia&parent=2020"}],"wp:term":[{"taxonomy":"category","embeddable":true,"href":"https:\/\/www.ticmais.pt\/index.php?rest_route=%2Fwp%2Fv2%2Fcategories&post=2020"},{"taxonomy":"post_tag","embeddable":true,"href":"https:\/\/www.ticmais.pt\/index.php?rest_route=%2Fwp%2Fv2%2Ftags&post=2020"}],"curies":[{"name":"wp","href":"https:\/\/api.w.org\/{rel}","templated":true}]}}