{"id":2025,"date":"2009-09-25T19:51:46","date_gmt":"2009-09-25T18:51:46","guid":{"rendered":"http:\/\/www.ticmais.pt\/?p=2025"},"modified":"2009-09-25T19:51:46","modified_gmt":"2009-09-25T18:51:46","slug":"sociedade-da-informacao-com-espaco-limitado-nos-programas-eleitorais","status":"publish","type":"post","link":"https:\/\/www.ticmais.pt\/?p=2025","title":{"rendered":"Sociedade da Informa\u00e7\u00e3o com espa\u00e7o limitado nos programas eleitorais"},"content":{"rendered":"<table style=\"width: 100%;\" border=\"0\" cellspacing=\"5\" cellpadding=\"5\" align=\"justify\">\n<tbody>\n<tr>\n<td width=\"160\" valign=\"top\">\n<p align=\"justify\"><img decoding=\"async\" src=\"\/\/www.ticmais.pt\/ticmais\/imagens\/Sociedade%20da%20Informacao%20com%20espaco%20limitado%20nos%20programas%20eleitorais.jpg\" alt=\"\" \/><\/p>\n<\/td>\n<td valign=\"top\">\n<p align=\"justify\">Segundo o portal TeK, os seus leitores n\u00e3o mostraram muito interesse na vota\u00e7\u00e3o que esteve online na \u00faltima semana e que pretendia apurar se os temas da Sociedade da Informa\u00e7\u00e3o tiveram o espa\u00e7o que merecem nos Programas eleitorais dos partidos e no debate pol\u00edtico da campanha para as legislativas que hoje termina. <a href=\"http:\/\/tek.sapo.pt\/opiniao\/votacao_tek_sociedade_da_informacao_com_espac_1019798.html\" target=\"_blank\">Mais&#8230;<\/a>\u00a0<\/p>\n<\/td>\n<\/tr>\n<\/tbody>\n<\/table>\n<p><br class=\"spacer_\" \/><\/p>\n","protected":false},"excerpt":{"rendered":"<p>Segundo o portal TeK, os seus leitores n\u00e3o mostraram muito interesse na vota\u00e7\u00e3o que esteve online na \u00faltima semana e que pretendia apurar se os temas da Sociedade da Informa\u00e7\u00e3o tiveram o espa\u00e7o que merecem nos Programas eleitorais dos partidos e no debate pol\u00edtico da campanha para as legislativas que hoje termina. Mais&#8230;\u00a0<\/p>\n","protected":false},"author":1,"featured_media":0,"comment_status":"closed","ping_status":"closed","sticky":false,"template":"","format":"standard","meta":{"footnotes":""},"categories":[15],"tags":[188,19],"class_list":["post-2025","post","type-post","status-publish","format-standard","hentry","category-tic-mais","tag-eleicoes","tag-sociedade-do-conhecinentoda-informacao"],"_links":{"self":[{"href":"https:\/\/www.ticmais.pt\/index.php?rest_route=\/wp\/v2\/posts\/2025","targetHints":{"allow":["GET"]}}],"collection":[{"href":"https:\/\/www.ticmais.pt\/index.php?rest_route=\/wp\/v2\/posts"}],"about":[{"href":"https:\/\/www.ticmais.pt\/index.php?rest_route=\/wp\/v2\/types\/post"}],"author":[{"embeddable":true,"href":"https:\/\/www.ticmais.pt\/index.php?rest_route=\/wp\/v2\/users\/1"}],"replies":[{"embeddable":true,"href":"https:\/\/www.ticmais.pt\/index.php?rest_route=%2Fwp%2Fv2%2Fcomments&post=2025"}],"version-history":[{"count":0,"href":"https:\/\/www.ticmais.pt\/index.php?rest_route=\/wp\/v2\/posts\/2025\/revisions"}],"wp:attachment":[{"href":"https:\/\/www.ticmais.pt\/index.php?rest_route=%2Fwp%2Fv2%2Fmedia&parent=2025"}],"wp:term":[{"taxonomy":"category","embeddable":true,"href":"https:\/\/www.ticmais.pt\/index.php?rest_route=%2Fwp%2Fv2%2Fcategories&post=2025"},{"taxonomy":"post_tag","embeddable":true,"href":"https:\/\/www.ticmais.pt\/index.php?rest_route=%2Fwp%2Fv2%2Ftags&post=2025"}],"curies":[{"name":"wp","href":"https:\/\/api.w.org\/{rel}","templated":true}]}}