{"id":2026,"date":"2009-09-27T22:28:19","date_gmt":"2009-09-27T21:28:19","guid":{"rendered":"http:\/\/www.ticmais.pt\/?p=2026"},"modified":"2009-09-27T22:28:19","modified_gmt":"2009-09-27T21:28:19","slug":"resutados-eleitorais-das-legislativas-2009","status":"publish","type":"post","link":"https:\/\/www.ticmais.pt\/?p=2026","title":{"rendered":"Resutados eleitorais das Legislativas 2009"},"content":{"rendered":"<table style=\"width: 100%;\" border=\"0\" cellspacing=\"5\" cellpadding=\"5\" align=\"justify\">\n<tbody>\n<tr>\n<td width=\"160\" valign=\"top\">\n<p align=\"justify\"><img decoding=\"async\" src=\"\/\/www.ticmais.pt\/ticmais\/imagens\/Resutados%20eleitorais%20das%20Legislativas%202009.jpg\" alt=\"\" \/><\/p>\n<\/td>\n<td valign=\"top\">\n<p align=\"justify\">Resultados por Freguesias de Coruche\u00a0 \u00a0<a href=\"http:\/\/www.cm-coruche.pt\/NR\/rdonlyres\/DC0BFD91-129A-459B-BF2D-7674E7287D09\/0\/legislativas2009_provisorios.pdf\" target=\"_blank\">2009<\/a><br \/>\nResultados Concelho de Coruche\u00a0\u00a0 <a href=\"http:\/\/tv1.rtp.pt\/noticias\/eleicoes\/legislativas2009\/index.php?ano=2009&amp;distrito=140000&amp;concelho=140900\" target=\"_blank\">2009<\/a>\u00a0\u00a0\u00a0\u00a0 <a href=\"http:\/\/www.eleicoes.mj.pt\/legislativas2005\/IS\/D14\/C09.html\" target=\"_blank\">2005<\/a><br \/>\nResultados Distrito de Santar\u00e9m\u00a0\u00a0 <a href=\"http:\/\/ww1.rtp.pt\/noticias\/eleicoes\/legislativas2009\/index.php?ano=2009&amp;distrito=140000\" target=\"_blank\">2009<\/a>\u00a0\u00a0\u00a0\u00a0 <a href=\"http:\/\/www.eleicoes.mj.pt\/legislativas2005\/IS\/D14\/index.html\" target=\"_blank\">2005<\/a><\/p>\n<p align=\"justify\">TOTAIS NACIONAIS\u00a0\u00a0<a href=\"http:\/\/sic.sapo.pt\/online\/noticias\/portugal2009\/Legislativas\/resultados\" target=\"_blank\">2009<\/a>\u00a0\u00a0 <a href=\"http:\/\/www.eleicoes.mj.pt\/legislativas2005\/IS\/D23\/index.html\" target=\"_blank\">2005<\/a>\u00a0 <a href=\"http:\/\/aeiou.expresso.pt\/grafico-animado-expresso-legislativas-2009=f538186\" target=\"_blank\">GR\u00c1FICO ANIMADO<\/a><\/p>\n<p align=\"justify\"><span id=\"NewsTitle\">SANTAR\u00c9M:<a href=\"http:\/\/dn.sapo.pt\/inicio\/portugal\/interior.aspx?content_id=1374262&amp;seccao=Centro\" target=\"_blank\"> PS perde 2 deputados para BE e CDS, PSD e CDU mant\u00eam<\/a><\/span><\/p>\n<p align=\"justify\"><span id=\"NewsTitle\">\u00a0<\/span><\/p>\n<\/td>\n<\/tr>\n<\/tbody>\n<\/table>\n<p><br class=\"spacer_\" \/><\/p>\n","protected":false},"excerpt":{"rendered":"<p>Resultados por Freguesias de Coruche\u00a0 \u00a02009 Resultados Concelho de Coruche\u00a0\u00a0 2009\u00a0\u00a0\u00a0\u00a0 2005 Resultados Distrito de Santar\u00e9m\u00a0\u00a0 2009\u00a0\u00a0\u00a0\u00a0 2005 TOTAIS NACIONAIS\u00a0\u00a02009\u00a0\u00a0 2005\u00a0 GR\u00c1FICO ANIMADO SANTAR\u00c9M: PS perde 2 deputados para BE e CDS, PSD e CDU mant\u00eam \u00a0<\/p>\n","protected":false},"author":1,"featured_media":0,"comment_status":"closed","ping_status":"closed","sticky":false,"template":"","format":"standard","meta":{"footnotes":""},"categories":[15],"tags":[],"class_list":["post-2026","post","type-post","status-publish","format-standard","hentry","category-tic-mais"],"_links":{"self":[{"href":"https:\/\/www.ticmais.pt\/index.php?rest_route=\/wp\/v2\/posts\/2026","targetHints":{"allow":["GET"]}}],"collection":[{"href":"https:\/\/www.ticmais.pt\/index.php?rest_route=\/wp\/v2\/posts"}],"about":[{"href":"https:\/\/www.ticmais.pt\/index.php?rest_route=\/wp\/v2\/types\/post"}],"author":[{"embeddable":true,"href":"https:\/\/www.ticmais.pt\/index.php?rest_route=\/wp\/v2\/users\/1"}],"replies":[{"embeddable":true,"href":"https:\/\/www.ticmais.pt\/index.php?rest_route=%2Fwp%2Fv2%2Fcomments&post=2026"}],"version-history":[{"count":0,"href":"https:\/\/www.ticmais.pt\/index.php?rest_route=\/wp\/v2\/posts\/2026\/revisions"}],"wp:attachment":[{"href":"https:\/\/www.ticmais.pt\/index.php?rest_route=%2Fwp%2Fv2%2Fmedia&parent=2026"}],"wp:term":[{"taxonomy":"category","embeddable":true,"href":"https:\/\/www.ticmais.pt\/index.php?rest_route=%2Fwp%2Fv2%2Fcategories&post=2026"},{"taxonomy":"post_tag","embeddable":true,"href":"https:\/\/www.ticmais.pt\/index.php?rest_route=%2Fwp%2Fv2%2Ftags&post=2026"}],"curies":[{"name":"wp","href":"https:\/\/api.w.org\/{rel}","templated":true}]}}