{"id":2036,"date":"2009-10-02T01:20:49","date_gmt":"2009-10-02T00:20:49","guid":{"rendered":"http:\/\/www.ticmais.pt\/?p=2036"},"modified":"2009-10-02T01:20:49","modified_gmt":"2009-10-02T00:20:49","slug":"arquitecto-portugues-no-top-10-do-guggenheim","status":"publish","type":"post","link":"https:\/\/www.ticmais.pt\/?p=2036","title":{"rendered":"Arquitecto portugu\u00eas no top 10 do Guggenheim"},"content":{"rendered":"<table style=\"width: 100%;\" border=\"0\" cellspacing=\"5\" cellpadding=\"5\" align=\"justify\">\n<tbody>\n<tr>\n<td width=\"160\" valign=\"top\">\n<p align=\"justify\"><img decoding=\"async\" src=\"\/\/www.ticmais.pt\/ticmais\/imagens\/Arquitecto%20portugues%20no%20top%2010%20do%20Guggenheim.jpg\" alt=\"\" \/><\/p>\n<\/td>\n<td valign=\"top\">\n<p align=\"justify\">Arquitecto portugu\u00eas construiu um abrigo em corti\u00e7a e \u00e9 um dos dez finalistas do concurso lan\u00e7ado pelo Museu Guggenheim de Nova Iorque e o Google. Mas na vota\u00e7\u00e3o aberta ao p\u00fablico, David Mares lidera a competi\u00e7\u00e3o, com o dobro dos votos do segundo concorrente. <a href=\"http:\/\/aeiou.expresso.pt\/arquitecto-portugues-no-top-10-do-guggenheim=f539056\" target=\"_blank\">Mais&#8230;<\/a><\/p>\n<p align=\"justify\"><a href=\"http:\/\/www.youtube.com\/watch?v=er-J9TtW1VY&amp;feature=player_embedded\" target=\"_blank\"><img decoding=\"async\" src=\"\/\/www.ticmais.pt\/ticmais\/imagens\/Ver%20pequeno%201.png\" alt=\"\" \/><\/a><\/p>\n<\/td>\n<\/tr>\n<\/tbody>\n<\/table>\n<p><br class=\"spacer_\" \/><\/p>\n","protected":false},"excerpt":{"rendered":"<p>Arquitecto portugu\u00eas construiu um abrigo em corti\u00e7a e \u00e9 um dos dez finalistas do concurso lan\u00e7ado pelo Museu Guggenheim de Nova Iorque e o Google. Mas na vota\u00e7\u00e3o aberta ao p\u00fablico, David Mares lidera a competi\u00e7\u00e3o, com o dobro dos votos do segundo concorrente. Mais&#8230;<\/p>\n","protected":false},"author":1,"featured_media":0,"comment_status":"closed","ping_status":"closed","sticky":false,"template":"","format":"standard","meta":{"footnotes":""},"categories":[15],"tags":[442,443,444],"class_list":["post-2036","post","type-post","status-publish","format-standard","hentry","category-tic-mais","tag-arquitectura","tag-concurso","tag-cortica"],"_links":{"self":[{"href":"https:\/\/www.ticmais.pt\/index.php?rest_route=\/wp\/v2\/posts\/2036","targetHints":{"allow":["GET"]}}],"collection":[{"href":"https:\/\/www.ticmais.pt\/index.php?rest_route=\/wp\/v2\/posts"}],"about":[{"href":"https:\/\/www.ticmais.pt\/index.php?rest_route=\/wp\/v2\/types\/post"}],"author":[{"embeddable":true,"href":"https:\/\/www.ticmais.pt\/index.php?rest_route=\/wp\/v2\/users\/1"}],"replies":[{"embeddable":true,"href":"https:\/\/www.ticmais.pt\/index.php?rest_route=%2Fwp%2Fv2%2Fcomments&post=2036"}],"version-history":[{"count":0,"href":"https:\/\/www.ticmais.pt\/index.php?rest_route=\/wp\/v2\/posts\/2036\/revisions"}],"wp:attachment":[{"href":"https:\/\/www.ticmais.pt\/index.php?rest_route=%2Fwp%2Fv2%2Fmedia&parent=2036"}],"wp:term":[{"taxonomy":"category","embeddable":true,"href":"https:\/\/www.ticmais.pt\/index.php?rest_route=%2Fwp%2Fv2%2Fcategories&post=2036"},{"taxonomy":"post_tag","embeddable":true,"href":"https:\/\/www.ticmais.pt\/index.php?rest_route=%2Fwp%2Fv2%2Ftags&post=2036"}],"curies":[{"name":"wp","href":"https:\/\/api.w.org\/{rel}","templated":true}]}}